{"id":9573,"date":"2023-02-21T21:22:51","date_gmt":"2023-02-21T20:22:51","guid":{"rendered":"https:\/\/www.dottorgadget.it\/news\/?p=9573"},"modified":"2023-02-25T23:27:54","modified_gmt":"2023-02-25T22:27:54","slug":"origini-della-festa-della-donna","status":"publish","type":"post","link":"https:\/\/www.dottorgadget.it\/news\/origini-della-festa-della-donna\/","title":{"rendered":"Le origini della Festa della Donna"},"content":{"rendered":"<h2>I motivi per cui ogni anno la festeggiamo l&#8217;8 marzo<\/h2>\n<p>L&#8217;8 marzo di ogni anno si celebra la <strong>Festa della Donna<\/strong>, una giornata dedicata alle donne di tutto il mondo e di ogni et\u00e0.<br \/>\nSi tratta di una ricorrenza molto importante e dalla forte connotazione culturale, difatti \u00e8 un giorno in cui si celebrano le conquiste sociali, economiche e politiche delle donne.<br \/>\nMa da dove ha origine la Festa della Donna?<\/p>\n<h2>Le origini della Festa della Donna<\/h2>\n<p>Le origini della Festa della Donna hanno radici storiche non troppo lontane nel tempo. \u00c8 solo con l&#8217;arrivo del \u2018900 che donne iniziarono a rivendicare maggiori diritti.<br \/>\nL&#8217;evento pi\u00f9 importante avvenne l&#8217;8 marzo del 1909, quando negli Stati Uniti si svolse &#8220;La Marcia delle Donne&#8221;. Una manifestazione dove le donne dell&#8217;industria tessile fecero sciopero per chiedere migliori condizioni di lavoro e diritti sindacali.<br \/>\nDa quell&#8217;evento nacque la <strong>Giornata Internazionale della Donna<\/strong>, celebrata ogni anno l&#8217;ultima domenica di febbraio.<\/p>\n<p>Anche in Europa iniziarono a diffondersi i movimenti per dare maggiori diritti e tutele alle donne.<br \/>\nLa prima celebrazione della Giornata Internazionale della Donna avvenne il 19 marzo 1911 in quattro paesi: Austria, Danimarca, Germania e Svizzera. In quell&#8217;occasione le donne marciarono per i propri diritti, tra cui il diritto di voto, il diritto all&#8217;istruzione e il diritto al lavoro.<\/p>\n<h2>Il ruolo delle donne nella Rivoluzione d&#8217;Ottobre<\/h2>\n<p>La <strong>Festa della Donna<\/strong> \u00e8 anche legata a uno degli eventi storici pi\u00f9 importanti del \u2018900. L&#8217;8 marzo del 1917, le donne russe iniziarono una manifestazione pacifica a San Pietroburgo per chiedere cibo e il ritorno dei propri mariti dalla guerra. La manifestazione ricosse molto successo, tanto che viene riconosciuta come il primo passo verso la <strong>Rivoluzione d&#8217;Ottobre<\/strong> e la fine della dinastia Romanov.<br \/>\nIn seguito, il governo sovietico decise di celebrare il giorno 8 marzo come la Giornata internazionale dell&#8217;operaia.<br \/>\nNegli anni seguenti la Festa della Donna si diffuse in molti altri paesi del mondo, diventando un simbolo dell&#8217;emancipazione femminile e della lotta per l&#8217;uguaglianza di genere.<\/p>\n<h2>La Festa della Donna in Italia<\/h2>\n<p>Nel nostro paese le prime celebrazioni ufficiali della Giornata Internazionale della Donna avvengono solo alla fine della Seconda Guerra Mondiale.<br \/>\nAll&#8217;inizio le celebrazioni avvengono il 25 aprile, in concomitanza con quella per la liberazione dal nazifascismo. Gi\u00e0 dal 1946 per\u00f2 vengono spostate all&#8217;8 marzo per seguire le celebrazioni svolte in altri paesi.<br \/>\nLa festa, celebrata con molto ritardo, ha per\u00f2 fatto nascere fin dal 1946 una tradizione molto importante per la Festa della Donna: quella della mimosa.<br \/>\nL&#8217;Unione donne italiane (Udi) voleva un fiore da associare alla ricorrenza. Dato che agli inizi di marzo fiorisce solo la mimosa la scelta \u00e8 stata quasi obbligata, ma anche azzeccata. Difatti oggi la mimosa \u00e8 il simbolo della festa.<\/p>\n<h2>Le celebrazioni e gli obiettivi per il futuro<\/h2>\n<p>Le <strong>origini della Festa della Donna<\/strong> sono legate alla spinta progressista del \u2018900. Le celebrazioni avvengono in tutto il mondo con diverse manifestazioni, eventi e iniziative per promuovere l&#8217;uguaglianza di genere e la parit\u00e0 dei diritti. Tuttavia, non possiamo dimenticare che la lotta per i diritti delle donne \u00e8 ancora in corso, poich\u00e9 molte donne continuano a subire discriminazioni e violenze.<br \/>\nEcco perch\u00e9 la Festa della Donna rappresenta un&#8217;importante occasione per riflettere sui progressi ottenuti e sulle sfide ancora da affrontare nella lotta per i diritti delle donne e per la costruzione di una societ\u00e0 pi\u00f9 equa e giusta.<\/p>\n<p>Volete fare qualche bel <strong><a href=\"https:\/\/www.dottorgadget.it\/news\/lavoretti-festa-della-donna\/\">lavoretto per la Festa della donna<\/a><\/strong>? Seguite il link per trovare tante idee molto originali.<\/p>\n","protected":false},"excerpt":{"rendered":"<p>I motivi per cui ogni anno la festeggiamo l&#8217;8 marzo L&#8217;8 marzo di ogni anno si celebra la Festa della Donna, una giornata dedicata alle donne di tutto il mondo e di ogni et\u00e0. Si tratta di una ricorrenza molto importante e dalla forte connotazione culturale, difatti \u00e8 un giorno in cui si celebrano le conquiste sociali, economiche e politiche delle donne. Ma da dove ha origine la Festa della Donna? Le origini della Festa della Donna Le origini della Festa della Donna hanno radici storiche non troppo lontane nel tempo. \u00c8 solo con l&#8217;arrivo del \u2018900 che donne iniziarono a rivendicare maggiori diritti. L&#8217;evento pi\u00f9 importante avvenne l&#8217;8 marzo del 1909, quando negli Stati Uniti si svolse &#8220;La Marcia delle Donne&#8221;. Una manifestazione dove le donne dell&#8217;industria tessile fecero sciopero per chiedere migliori condizioni di lavoro e diritti sindacali. Da quell&#8217;evento nacque la Giornata Internazionale della Donna, celebrata ogni anno l&#8217;ultima domenica di febbraio. Anche in Europa iniziarono a diffondersi i movimenti per dare maggiori diritti e tutele alle donne. La prima celebrazione della Giornata Internazionale della Donna avvenne il 19 marzo 1911 in quattro paesi: Austria, Danimarca, Germania e Svizzera. In quell&#8217;occasione le donne marciarono per i propri [&hellip;]<\/p>\n","protected":false},"author":3,"featured_media":0,"comment_status":"open","ping_status":"open","sticky":false,"template":"","format":"standard","meta":{"_acf_changed":false,"footnotes":""},"categories":[13,35],"tags":[],"class_list":["post-9573","post","type-post","status-publish","format-standard","hentry","category-curiosita","category-feste"],"acf":[],"yoast_head":"<!-- This site is optimized with the Yoast SEO plugin v28.3 - https:\/\/yoast.com\/product\/yoast-seo-wordpress\/ -->\n<title>Le origini della Festa della Donna<\/title>\n<meta name=\"description\" content=\"Le origini della Festa della Donna. Gli eventi storici che hanno portato alla nascita della Giornata Internazionale della Donna.\" \/>\n<meta name=\"robots\" content=\"index, follow, max-snippet:-1, max-image-preview:large, max-video-preview:-1\" \/>\n<link rel=\"canonical\" href=\"https:\/\/www.dottorgadget.it\/news\/origini-della-festa-della-donna\/\" \/>\n<meta property=\"og:locale\" content=\"it_IT\" \/>\n<meta property=\"og:type\" content=\"article\" \/>\n<meta property=\"og:title\" content=\"Le origini della Festa della Donna\" \/>\n<meta property=\"og:description\" content=\"Le origini della Festa della Donna. Gli eventi storici che hanno portato alla nascita della Giornata Internazionale della Donna.\" \/>\n<meta property=\"og:url\" content=\"https:\/\/www.dottorgadget.it\/news\/origini-della-festa-della-donna\/\" \/>\n<meta property=\"og:site_name\" content=\"DottorGadget News\" \/>\n<meta property=\"article:published_time\" content=\"2023-02-21T20:22:51+00:00\" \/>\n<meta property=\"article:modified_time\" content=\"2023-02-25T22:27:54+00:00\" \/>\n<meta name=\"author\" content=\"Filippo\" \/>\n<meta name=\"twitter:card\" content=\"summary_large_image\" \/>\n<meta name=\"twitter:label1\" content=\"Scritto da\" \/>\n\t<meta name=\"twitter:data1\" content=\"Filippo\" \/>\n\t<meta name=\"twitter:label2\" content=\"Tempo di lettura stimato\" \/>\n\t<meta name=\"twitter:data2\" content=\"4 minuti\" \/>\n<script type=\"application\/ld+json\" class=\"yoast-schema-graph\">{\"@context\":\"https:\\\/\\\/schema.org\",\"@graph\":[{\"@type\":\"Article\",\"@id\":\"https:\\\/\\\/www.dottorgadget.it\\\/news\\\/origini-della-festa-della-donna\\\/#article\",\"isPartOf\":{\"@id\":\"https:\\\/\\\/www.dottorgadget.it\\\/news\\\/origini-della-festa-della-donna\\\/\"},\"author\":{\"name\":\"Filippo\",\"@id\":\"https:\\\/\\\/www.dottorgadget.it\\\/news\\\/#\\\/schema\\\/person\\\/303124d03e1dc2ba2213427fbd91c82d\"},\"headline\":\"Le origini della Festa della Donna\",\"datePublished\":\"2023-02-21T20:22:51+00:00\",\"dateModified\":\"2023-02-25T22:27:54+00:00\",\"mainEntityOfPage\":{\"@id\":\"https:\\\/\\\/www.dottorgadget.it\\\/news\\\/origini-della-festa-della-donna\\\/\"},\"wordCount\":583,\"commentCount\":0,\"articleSection\":[\"Curiosit\u00e0\",\"Feste\"],\"inLanguage\":\"it-IT\",\"potentialAction\":[{\"@type\":\"CommentAction\",\"name\":\"Comment\",\"target\":[\"https:\\\/\\\/www.dottorgadget.it\\\/news\\\/origini-della-festa-della-donna\\\/#respond\"]}]},{\"@type\":\"WebPage\",\"@id\":\"https:\\\/\\\/www.dottorgadget.it\\\/news\\\/origini-della-festa-della-donna\\\/\",\"url\":\"https:\\\/\\\/www.dottorgadget.it\\\/news\\\/origini-della-festa-della-donna\\\/\",\"name\":\"Le origini della Festa della Donna\",\"isPartOf\":{\"@id\":\"https:\\\/\\\/www.dottorgadget.it\\\/news\\\/#website\"},\"datePublished\":\"2023-02-21T20:22:51+00:00\",\"dateModified\":\"2023-02-25T22:27:54+00:00\",\"author\":{\"@id\":\"https:\\\/\\\/www.dottorgadget.it\\\/news\\\/#\\\/schema\\\/person\\\/303124d03e1dc2ba2213427fbd91c82d\"},\"description\":\"Le origini della Festa della Donna. Gli eventi storici che hanno portato alla nascita della Giornata Internazionale della Donna.\",\"breadcrumb\":{\"@id\":\"https:\\\/\\\/www.dottorgadget.it\\\/news\\\/origini-della-festa-della-donna\\\/#breadcrumb\"},\"inLanguage\":\"it-IT\",\"potentialAction\":[{\"@type\":\"ReadAction\",\"target\":[\"https:\\\/\\\/www.dottorgadget.it\\\/news\\\/origini-della-festa-della-donna\\\/\"]}]},{\"@type\":\"BreadcrumbList\",\"@id\":\"https:\\\/\\\/www.dottorgadget.it\\\/news\\\/origini-della-festa-della-donna\\\/#breadcrumb\",\"itemListElement\":[{\"@type\":\"ListItem\",\"position\":1,\"name\":\"Home\",\"item\":\"https:\\\/\\\/www.dottorgadget.it\\\/news\\\/\"},{\"@type\":\"ListItem\",\"position\":2,\"name\":\"Le origini della Festa della Donna\"}]},{\"@type\":\"WebSite\",\"@id\":\"https:\\\/\\\/www.dottorgadget.it\\\/news\\\/#website\",\"url\":\"https:\\\/\\\/www.dottorgadget.it\\\/news\\\/\",\"name\":\"DottorGadget News\",\"description\":\"Gadget innovativi e idee regalo\",\"potentialAction\":[{\"@type\":\"SearchAction\",\"target\":{\"@type\":\"EntryPoint\",\"urlTemplate\":\"https:\\\/\\\/www.dottorgadget.it\\\/news\\\/?s={search_term_string}\"},\"query-input\":{\"@type\":\"PropertyValueSpecification\",\"valueRequired\":true,\"valueName\":\"search_term_string\"}}],\"inLanguage\":\"it-IT\"},{\"@type\":\"Person\",\"@id\":\"https:\\\/\\\/www.dottorgadget.it\\\/news\\\/#\\\/schema\\\/person\\\/303124d03e1dc2ba2213427fbd91c82d\",\"name\":\"Filippo\",\"image\":{\"@type\":\"ImageObject\",\"inLanguage\":\"it-IT\",\"@id\":\"https:\\\/\\\/secure.gravatar.com\\\/avatar\\\/ee736bde69729344a4f0a989a14ac33282698f82a57df2a1d9dea09c2bc8a62d?s=96&d=mm&r=g\",\"url\":\"https:\\\/\\\/secure.gravatar.com\\\/avatar\\\/ee736bde69729344a4f0a989a14ac33282698f82a57df2a1d9dea09c2bc8a62d?s=96&d=mm&r=g\",\"contentUrl\":\"https:\\\/\\\/secure.gravatar.com\\\/avatar\\\/ee736bde69729344a4f0a989a14ac33282698f82a57df2a1d9dea09c2bc8a62d?s=96&d=mm&r=g\",\"caption\":\"Filippo\"},\"description\":\"\u00c8 il pi\u00f9 stretto collaboratore del Dottor Gadget, tant'\u00e8 che viene spesso scambiato per il Grande Capo. Svolge il ruolo di blogger, critico, recensore, addetto alle fotocopie, talent scout dei gadget, segretario di se stesso, consigliere d\u2019amministrazione, consigliere spirituale e tanti altri ruoli che non sa ancora di avere. Nel tempo libero corre, anche se alla fine si ritrova sempre al punto di partenza.\"}]}<\/script>\n<!-- \/ Yoast SEO plugin. -->","yoast_head_json":{"title":"Le origini della Festa della Donna","description":"Le origini della Festa della Donna. Gli eventi storici che hanno portato alla nascita della Giornata Internazionale della Donna.","robots":{"index":"index","follow":"follow","max-snippet":"max-snippet:-1","max-image-preview":"max-image-preview:large","max-video-preview":"max-video-preview:-1"},"canonical":"https:\/\/www.dottorgadget.it\/news\/origini-della-festa-della-donna\/","og_locale":"it_IT","og_type":"article","og_title":"Le origini della Festa della Donna","og_description":"Le origini della Festa della Donna. Gli eventi storici che hanno portato alla nascita della Giornata Internazionale della Donna.","og_url":"https:\/\/www.dottorgadget.it\/news\/origini-della-festa-della-donna\/","og_site_name":"DottorGadget News","article_published_time":"2023-02-21T20:22:51+00:00","article_modified_time":"2023-02-25T22:27:54+00:00","author":"Filippo","twitter_card":"summary_large_image","twitter_misc":{"Scritto da":"Filippo","Tempo di lettura stimato":"4 minuti"},"schema":{"@context":"https:\/\/schema.org","@graph":[{"@type":"Article","@id":"https:\/\/www.dottorgadget.it\/news\/origini-della-festa-della-donna\/#article","isPartOf":{"@id":"https:\/\/www.dottorgadget.it\/news\/origini-della-festa-della-donna\/"},"author":{"name":"Filippo","@id":"https:\/\/www.dottorgadget.it\/news\/#\/schema\/person\/303124d03e1dc2ba2213427fbd91c82d"},"headline":"Le origini della Festa della Donna","datePublished":"2023-02-21T20:22:51+00:00","dateModified":"2023-02-25T22:27:54+00:00","mainEntityOfPage":{"@id":"https:\/\/www.dottorgadget.it\/news\/origini-della-festa-della-donna\/"},"wordCount":583,"commentCount":0,"articleSection":["Curiosit\u00e0","Feste"],"inLanguage":"it-IT","potentialAction":[{"@type":"CommentAction","name":"Comment","target":["https:\/\/www.dottorgadget.it\/news\/origini-della-festa-della-donna\/#respond"]}]},{"@type":"WebPage","@id":"https:\/\/www.dottorgadget.it\/news\/origini-della-festa-della-donna\/","url":"https:\/\/www.dottorgadget.it\/news\/origini-della-festa-della-donna\/","name":"Le origini della Festa della Donna","isPartOf":{"@id":"https:\/\/www.dottorgadget.it\/news\/#website"},"datePublished":"2023-02-21T20:22:51+00:00","dateModified":"2023-02-25T22:27:54+00:00","author":{"@id":"https:\/\/www.dottorgadget.it\/news\/#\/schema\/person\/303124d03e1dc2ba2213427fbd91c82d"},"description":"Le origini della Festa della Donna. Gli eventi storici che hanno portato alla nascita della Giornata Internazionale della Donna.","breadcrumb":{"@id":"https:\/\/www.dottorgadget.it\/news\/origini-della-festa-della-donna\/#breadcrumb"},"inLanguage":"it-IT","potentialAction":[{"@type":"ReadAction","target":["https:\/\/www.dottorgadget.it\/news\/origini-della-festa-della-donna\/"]}]},{"@type":"BreadcrumbList","@id":"https:\/\/www.dottorgadget.it\/news\/origini-della-festa-della-donna\/#breadcrumb","itemListElement":[{"@type":"ListItem","position":1,"name":"Home","item":"https:\/\/www.dottorgadget.it\/news\/"},{"@type":"ListItem","position":2,"name":"Le origini della Festa della Donna"}]},{"@type":"WebSite","@id":"https:\/\/www.dottorgadget.it\/news\/#website","url":"https:\/\/www.dottorgadget.it\/news\/","name":"DottorGadget News","description":"Gadget innovativi e idee regalo","potentialAction":[{"@type":"SearchAction","target":{"@type":"EntryPoint","urlTemplate":"https:\/\/www.dottorgadget.it\/news\/?s={search_term_string}"},"query-input":{"@type":"PropertyValueSpecification","valueRequired":true,"valueName":"search_term_string"}}],"inLanguage":"it-IT"},{"@type":"Person","@id":"https:\/\/www.dottorgadget.it\/news\/#\/schema\/person\/303124d03e1dc2ba2213427fbd91c82d","name":"Filippo","image":{"@type":"ImageObject","inLanguage":"it-IT","@id":"https:\/\/secure.gravatar.com\/avatar\/ee736bde69729344a4f0a989a14ac33282698f82a57df2a1d9dea09c2bc8a62d?s=96&d=mm&r=g","url":"https:\/\/secure.gravatar.com\/avatar\/ee736bde69729344a4f0a989a14ac33282698f82a57df2a1d9dea09c2bc8a62d?s=96&d=mm&r=g","contentUrl":"https:\/\/secure.gravatar.com\/avatar\/ee736bde69729344a4f0a989a14ac33282698f82a57df2a1d9dea09c2bc8a62d?s=96&d=mm&r=g","caption":"Filippo"},"description":"\u00c8 il pi\u00f9 stretto collaboratore del Dottor Gadget, tant'\u00e8 che viene spesso scambiato per il Grande Capo. Svolge il ruolo di blogger, critico, recensore, addetto alle fotocopie, talent scout dei gadget, segretario di se stesso, consigliere d\u2019amministrazione, consigliere spirituale e tanti altri ruoli che non sa ancora di avere. Nel tempo libero corre, anche se alla fine si ritrova sempre al punto di partenza."}]}},"_links":{"self":[{"href":"https:\/\/www.dottorgadget.it\/news\/wp-json\/wp\/v2\/posts\/9573","targetHints":{"allow":["GET"]}}],"collection":[{"href":"https:\/\/www.dottorgadget.it\/news\/wp-json\/wp\/v2\/posts"}],"about":[{"href":"https:\/\/www.dottorgadget.it\/news\/wp-json\/wp\/v2\/types\/post"}],"author":[{"embeddable":true,"href":"https:\/\/www.dottorgadget.it\/news\/wp-json\/wp\/v2\/users\/3"}],"replies":[{"embeddable":true,"href":"https:\/\/www.dottorgadget.it\/news\/wp-json\/wp\/v2\/comments?post=9573"}],"version-history":[{"count":2,"href":"https:\/\/www.dottorgadget.it\/news\/wp-json\/wp\/v2\/posts\/9573\/revisions"}],"predecessor-version":[{"id":9575,"href":"https:\/\/www.dottorgadget.it\/news\/wp-json\/wp\/v2\/posts\/9573\/revisions\/9575"}],"wp:attachment":[{"href":"https:\/\/www.dottorgadget.it\/news\/wp-json\/wp\/v2\/media?parent=9573"}],"wp:term":[{"taxonomy":"category","embeddable":true,"href":"https:\/\/www.dottorgadget.it\/news\/wp-json\/wp\/v2\/categories?post=9573"},{"taxonomy":"post_tag","embeddable":true,"href":"https:\/\/www.dottorgadget.it\/news\/wp-json\/wp\/v2\/tags?post=9573"}],"curies":[{"name":"wp","href":"https:\/\/api.w.org\/{rel}","templated":true}]}}