{"id":6117,"date":"2022-02-11T20:53:08","date_gmt":"2022-02-11T19:53:08","guid":{"rendered":"https:\/\/www.dottorgadget.it\/news\/?p=6117"},"modified":"2022-02-12T01:40:48","modified_gmt":"2022-02-12T00:40:48","slug":"quando-e-carnevale","status":"publish","type":"post","link":"https:\/\/www.dottorgadget.it\/news\/quando-e-carnevale\/","title":{"rendered":"Quando \u00e8 Carnevale"},"content":{"rendered":"<h2>La data in cui si festeggia il Carnevale e cosa la influenza<\/h2>\n<p><strong>Carnevale<\/strong> \u00e8 una festa legata alla tradizione cristiana che viene celebrata con giochi, scherzi e travestimenti.<br \/>\nNon ha una data fissa e il suo collocamento sul calendario \u00e8 collegato a quello della Pasqua. Un&#8217;altra festa mobile che non ha un giorno fisso in cui si festeggia. Per questo per sapere <strong>quando \u00e8 Carnevale<\/strong> bisogna calcolarlo o cercare la data ogni anno.<\/p>\n<p>La <strong>Pasqua<\/strong> \u00e8 una festa molto variabile perch\u00e9 si basa sui cicli lunari e cade la domenica successiva al primo plenilunio dopo l&#8217;equinozio di primavera. Insomma, una cosa un po&#8217; complicata da tenere a mente. L&#8217;equinozio astronomico avviene tra il 19 e il 21 marzo, mentre la Chiesa per convenzione ha fissato come data il 21 marzo. Questo comporta che la Pasqua non cade mai prima del 22 marzo e mai dopo il 25 aprile. Una forbice molto ampia visto che c&#8217;\u00e8 quasi pi\u00f9 di un mese tra le due date. Se vi interessa a approfondire anche questo argomento qui trovate <strong><a href=\"https:\/\/www.dottorgadget.it\/news\/quando-e-pasqua\/\">quando \u00e8 la Pasqua e come si calcola la data<\/a><\/strong>.<\/p>\n<p>L&#8217;inizio del periodo carnevalesco \u00e8 fissato il giorno successivo alla domenica del Battesimo del Signore. Mentre finisce il marted\u00ec precedente il Mercoled\u00ec delle Ceneri che segna l&#8217;inizio della quaresima. La festa ha il suo apice dal Gioved\u00ec Grasso fino al marted\u00ec, ultimo giorno di carnevale (Marted\u00ec Grasso).<br \/>\nCi\u00f2 detto, tra il Mercoled\u00ec delle Ceneri e Pasqua intercorrono 46 giorni. Escludendo gli anni bisestili dove il calcolo cambia un po&#8217;, in tutti gli altri anni il Marted\u00ec Grasso cade dal 3 febbraio al 9 marzo.<\/p>\n<h2><img decoding=\"async\" class=\"alignnone size-full wp-image-6121\" src=\"https:\/\/www.dottorgadget.it\/news\/wp-content\/uploads\/2022\/02\/carnevale.jpg\" alt=\"Quando \u00e8 Carnevale\" width=\"1279\" height=\"854\" srcset=\"https:\/\/www.dottorgadget.it\/news\/wp-content\/uploads\/2022\/02\/carnevale.jpg 1279w, https:\/\/www.dottorgadget.it\/news\/wp-content\/uploads\/2022\/02\/carnevale-760x507.jpg 760w, https:\/\/www.dottorgadget.it\/news\/wp-content\/uploads\/2022\/02\/carnevale-360x240.jpg 360w, https:\/\/www.dottorgadget.it\/news\/wp-content\/uploads\/2022\/02\/carnevale-768x513.jpg 768w, https:\/\/www.dottorgadget.it\/news\/wp-content\/uploads\/2022\/02\/carnevale-1080x721.jpg 1080w\" sizes=\"(max-width: 1279px) 100vw, 1279px\" \/><\/h2>\n<h2>Quando \u00e8 Carnevale quest&#8217;anno<\/h2>\n<p>Dopo aver spiegato cosa influenza la <strong>data del Carnevale<\/strong> e come si calcola vediamo che giorno \u00e8 nel 2022.<br \/>\n<strong>Quest&#8217;anno Carnevale<\/strong> comincia il 24 febbraio (Gioved\u00ec Grasso) e si conclude l&#8217;1 marzo (Marted\u00ec Grasso). Di conseguenza il 2 marzo sar\u00e0 il Mercoled\u00ec delle Ceneri. Giorno che segna l&#8217;inizio della Quaresima e del periodo di purificazione che precede la Pasqua.<\/p>\n<p>Tutto questo vale per quasi tutta Italia che segue quello che viene chiamato <strong>rito Romano<\/strong>. L&#8217;unica eccezione riguarda la <strong>diocesi di Milano<\/strong> che segue il <strong>rito Ambrosiano<\/strong> e celebra Carnevale in una data differente.<\/p>\n<h2>Il rito Ambrosiano<\/h2>\n<p>Sapete <strong>perch\u00e9 Milano ha un rito differente e celebra Carnevalare in una data diversa dal resto d&#8217;Italia?<\/strong> Secondo la tradizione \u00e8 dovuta a un accadimento legato al patrono della citt\u00e0, <strong>Sant&#8217;Ambrogio<\/strong>.<br \/>\nUn anno Ambrogio, vescovo di Milano, era in pellegrinaggio proprio mentre stavano per iniziare le celebrazioni carnevalesche. Ambrogio per\u00f2 tard\u00f2 e la citt\u00e0 decise di posticipare di qualche giorno i festeggiamenti per aspettare il ritorno del suo vescovo. Cos\u00ec nacque il rito Ambrosiano, con Milano che festeggia Carnevale in ritardo rispetto al resto d&#8217;Italia.<\/p>\n<p>Ma<strong> quando \u00e8 Carnevale per il rito Ambrosiano?<\/strong> Il Gioved\u00ec Grasso cade il 3 marzo mentre i giorni di festa sono concentrati tra venerd\u00ec 4 marzo e sabato 5 marzo. Nella diocesi di Milano il rito delle ceneri si celebra la domenica successiva al sabato grasso. Nel 2022, domenica 6 marzo.<\/p>\n<p><img decoding=\"async\" class=\"alignnone size-full wp-image-6122\" src=\"https:\/\/www.dottorgadget.it\/news\/wp-content\/uploads\/2022\/02\/carnevale-2.jpg\" alt=\"Quando \u00e8 Carnevale\" width=\"1280\" height=\"854\" srcset=\"https:\/\/www.dottorgadget.it\/news\/wp-content\/uploads\/2022\/02\/carnevale-2.jpg 1280w, https:\/\/www.dottorgadget.it\/news\/wp-content\/uploads\/2022\/02\/carnevale-2-760x507.jpg 760w, https:\/\/www.dottorgadget.it\/news\/wp-content\/uploads\/2022\/02\/carnevale-2-360x240.jpg 360w, https:\/\/www.dottorgadget.it\/news\/wp-content\/uploads\/2022\/02\/carnevale-2-768x512.jpg 768w, https:\/\/www.dottorgadget.it\/news\/wp-content\/uploads\/2022\/02\/carnevale-2-1080x721.jpg 1080w\" sizes=\"(max-width: 1280px) 100vw, 1280px\" \/><\/p>\n","protected":false},"excerpt":{"rendered":"<p>La data in cui si festeggia il Carnevale e cosa la influenza Carnevale \u00e8 una festa legata alla tradizione cristiana che viene celebrata con giochi, scherzi e travestimenti. Non ha una data fissa e il suo collocamento sul calendario \u00e8 collegato a quello della Pasqua. Un&#8217;altra festa mobile che non ha un giorno fisso in cui si festeggia. Per questo per sapere quando \u00e8 Carnevale bisogna calcolarlo o cercare la data ogni anno. La Pasqua \u00e8 una festa molto variabile perch\u00e9 si basa sui cicli lunari e cade la domenica successiva al primo plenilunio dopo l&#8217;equinozio di primavera. Insomma, una cosa un po&#8217; complicata da tenere a mente. L&#8217;equinozio astronomico avviene tra il 19 e il 21 marzo, mentre la Chiesa per convenzione ha fissato come data il 21 marzo. Questo comporta che la Pasqua non cade mai prima del 22 marzo e mai dopo il 25 aprile. Una forbice molto ampia visto che c&#8217;\u00e8 quasi pi\u00f9 di un mese tra le due date. Se vi interessa a approfondire anche questo argomento qui trovate quando \u00e8 la Pasqua e come si calcola la data. L&#8217;inizio del periodo carnevalesco \u00e8 fissato il giorno successivo alla domenica del Battesimo del Signore. Mentre [&hellip;]<\/p>\n","protected":false},"author":3,"featured_media":6124,"comment_status":"open","ping_status":"open","sticky":false,"template":"","format":"standard","meta":{"_acf_changed":false,"footnotes":""},"categories":[13,35],"tags":[],"class_list":["post-6117","post","type-post","status-publish","format-standard","has-post-thumbnail","hentry","category-curiosita","category-feste"],"acf":[],"yoast_head":"<!-- This site is optimized with the Yoast SEO plugin v28.3 - https:\/\/yoast.com\/product\/yoast-seo-wordpress\/ -->\n<title>Quando \u00e8 Carnevale<\/title>\n<meta name=\"description\" content=\"Carnevale \u00e8 una festa collegala alla Pasqua che cambia data ogni anno. Ecco come calcolare quando \u00e8 Carnevale quest&#039;anno.\" \/>\n<meta name=\"robots\" content=\"index, follow, max-snippet:-1, max-image-preview:large, max-video-preview:-1\" \/>\n<link rel=\"canonical\" href=\"https:\/\/www.dottorgadget.it\/news\/quando-e-carnevale\/\" \/>\n<meta property=\"og:locale\" content=\"it_IT\" \/>\n<meta property=\"og:type\" content=\"article\" \/>\n<meta property=\"og:title\" content=\"Quando \u00e8 Carnevale\" \/>\n<meta property=\"og:description\" content=\"Carnevale \u00e8 una festa collegala alla Pasqua che cambia data ogni anno. Ecco come calcolare quando \u00e8 Carnevale quest&#039;anno.\" \/>\n<meta property=\"og:url\" content=\"https:\/\/www.dottorgadget.it\/news\/quando-e-carnevale\/\" \/>\n<meta property=\"og:site_name\" content=\"DottorGadget News\" \/>\n<meta property=\"article:published_time\" content=\"2022-02-11T19:53:08+00:00\" \/>\n<meta property=\"article:modified_time\" content=\"2022-02-12T00:40:48+00:00\" \/>\n<meta property=\"og:image\" content=\"https:\/\/www.dottorgadget.it\/news\/wp-content\/uploads\/2022\/02\/quando-e-carnevale2.jpg\" \/>\n\t<meta property=\"og:image:width\" content=\"1280\" \/>\n\t<meta property=\"og:image:height\" content=\"853\" \/>\n\t<meta property=\"og:image:type\" content=\"image\/jpeg\" \/>\n<meta name=\"author\" content=\"Filippo\" \/>\n<meta name=\"twitter:card\" content=\"summary_large_image\" \/>\n<meta name=\"twitter:label1\" content=\"Scritto da\" \/>\n\t<meta name=\"twitter:data1\" content=\"Filippo\" \/>\n\t<meta name=\"twitter:label2\" content=\"Tempo di lettura stimato\" \/>\n\t<meta name=\"twitter:data2\" content=\"3 minuti\" \/>\n<script type=\"application\/ld+json\" class=\"yoast-schema-graph\">{\"@context\":\"https:\\\/\\\/schema.org\",\"@graph\":[{\"@type\":\"Article\",\"@id\":\"https:\\\/\\\/www.dottorgadget.it\\\/news\\\/quando-e-carnevale\\\/#article\",\"isPartOf\":{\"@id\":\"https:\\\/\\\/www.dottorgadget.it\\\/news\\\/quando-e-carnevale\\\/\"},\"author\":{\"name\":\"Filippo\",\"@id\":\"https:\\\/\\\/www.dottorgadget.it\\\/news\\\/#\\\/schema\\\/person\\\/303124d03e1dc2ba2213427fbd91c82d\"},\"headline\":\"Quando \u00e8 Carnevale\",\"datePublished\":\"2022-02-11T19:53:08+00:00\",\"dateModified\":\"2022-02-12T00:40:48+00:00\",\"mainEntityOfPage\":{\"@id\":\"https:\\\/\\\/www.dottorgadget.it\\\/news\\\/quando-e-carnevale\\\/\"},\"wordCount\":492,\"commentCount\":0,\"image\":{\"@id\":\"https:\\\/\\\/www.dottorgadget.it\\\/news\\\/quando-e-carnevale\\\/#primaryimage\"},\"thumbnailUrl\":\"https:\\\/\\\/www.dottorgadget.it\\\/news\\\/wp-content\\\/uploads\\\/2022\\\/02\\\/quando-e-carnevale2.jpg\",\"articleSection\":[\"Curiosit\u00e0\",\"Feste\"],\"inLanguage\":\"it-IT\",\"potentialAction\":[{\"@type\":\"CommentAction\",\"name\":\"Comment\",\"target\":[\"https:\\\/\\\/www.dottorgadget.it\\\/news\\\/quando-e-carnevale\\\/#respond\"]}]},{\"@type\":\"WebPage\",\"@id\":\"https:\\\/\\\/www.dottorgadget.it\\\/news\\\/quando-e-carnevale\\\/\",\"url\":\"https:\\\/\\\/www.dottorgadget.it\\\/news\\\/quando-e-carnevale\\\/\",\"name\":\"Quando \u00e8 Carnevale\",\"isPartOf\":{\"@id\":\"https:\\\/\\\/www.dottorgadget.it\\\/news\\\/#website\"},\"primaryImageOfPage\":{\"@id\":\"https:\\\/\\\/www.dottorgadget.it\\\/news\\\/quando-e-carnevale\\\/#primaryimage\"},\"image\":{\"@id\":\"https:\\\/\\\/www.dottorgadget.it\\\/news\\\/quando-e-carnevale\\\/#primaryimage\"},\"thumbnailUrl\":\"https:\\\/\\\/www.dottorgadget.it\\\/news\\\/wp-content\\\/uploads\\\/2022\\\/02\\\/quando-e-carnevale2.jpg\",\"datePublished\":\"2022-02-11T19:53:08+00:00\",\"dateModified\":\"2022-02-12T00:40:48+00:00\",\"author\":{\"@id\":\"https:\\\/\\\/www.dottorgadget.it\\\/news\\\/#\\\/schema\\\/person\\\/303124d03e1dc2ba2213427fbd91c82d\"},\"description\":\"Carnevale \u00e8 una festa collegala alla Pasqua che cambia data ogni anno. Ecco come calcolare quando \u00e8 Carnevale quest'anno.\",\"breadcrumb\":{\"@id\":\"https:\\\/\\\/www.dottorgadget.it\\\/news\\\/quando-e-carnevale\\\/#breadcrumb\"},\"inLanguage\":\"it-IT\",\"potentialAction\":[{\"@type\":\"ReadAction\",\"target\":[\"https:\\\/\\\/www.dottorgadget.it\\\/news\\\/quando-e-carnevale\\\/\"]}]},{\"@type\":\"ImageObject\",\"inLanguage\":\"it-IT\",\"@id\":\"https:\\\/\\\/www.dottorgadget.it\\\/news\\\/quando-e-carnevale\\\/#primaryimage\",\"url\":\"https:\\\/\\\/www.dottorgadget.it\\\/news\\\/wp-content\\\/uploads\\\/2022\\\/02\\\/quando-e-carnevale2.jpg\",\"contentUrl\":\"https:\\\/\\\/www.dottorgadget.it\\\/news\\\/wp-content\\\/uploads\\\/2022\\\/02\\\/quando-e-carnevale2.jpg\",\"width\":1280,\"height\":853,\"caption\":\"Quando \u00e8 Carnevale\"},{\"@type\":\"BreadcrumbList\",\"@id\":\"https:\\\/\\\/www.dottorgadget.it\\\/news\\\/quando-e-carnevale\\\/#breadcrumb\",\"itemListElement\":[{\"@type\":\"ListItem\",\"position\":1,\"name\":\"Home\",\"item\":\"https:\\\/\\\/www.dottorgadget.it\\\/news\\\/\"},{\"@type\":\"ListItem\",\"position\":2,\"name\":\"Quando \u00e8 Carnevale\"}]},{\"@type\":\"WebSite\",\"@id\":\"https:\\\/\\\/www.dottorgadget.it\\\/news\\\/#website\",\"url\":\"https:\\\/\\\/www.dottorgadget.it\\\/news\\\/\",\"name\":\"DottorGadget News\",\"description\":\"Gadget innovativi e idee regalo\",\"potentialAction\":[{\"@type\":\"SearchAction\",\"target\":{\"@type\":\"EntryPoint\",\"urlTemplate\":\"https:\\\/\\\/www.dottorgadget.it\\\/news\\\/?s={search_term_string}\"},\"query-input\":{\"@type\":\"PropertyValueSpecification\",\"valueRequired\":true,\"valueName\":\"search_term_string\"}}],\"inLanguage\":\"it-IT\"},{\"@type\":\"Person\",\"@id\":\"https:\\\/\\\/www.dottorgadget.it\\\/news\\\/#\\\/schema\\\/person\\\/303124d03e1dc2ba2213427fbd91c82d\",\"name\":\"Filippo\",\"image\":{\"@type\":\"ImageObject\",\"inLanguage\":\"it-IT\",\"@id\":\"https:\\\/\\\/secure.gravatar.com\\\/avatar\\\/ee736bde69729344a4f0a989a14ac33282698f82a57df2a1d9dea09c2bc8a62d?s=96&d=mm&r=g\",\"url\":\"https:\\\/\\\/secure.gravatar.com\\\/avatar\\\/ee736bde69729344a4f0a989a14ac33282698f82a57df2a1d9dea09c2bc8a62d?s=96&d=mm&r=g\",\"contentUrl\":\"https:\\\/\\\/secure.gravatar.com\\\/avatar\\\/ee736bde69729344a4f0a989a14ac33282698f82a57df2a1d9dea09c2bc8a62d?s=96&d=mm&r=g\",\"caption\":\"Filippo\"},\"description\":\"\u00c8 il pi\u00f9 stretto collaboratore del Dottor Gadget, tant'\u00e8 che viene spesso scambiato per il Grande Capo. Svolge il ruolo di blogger, critico, recensore, addetto alle fotocopie, talent scout dei gadget, segretario di se stesso, consigliere d\u2019amministrazione, consigliere spirituale e tanti altri ruoli che non sa ancora di avere. Nel tempo libero corre, anche se alla fine si ritrova sempre al punto di partenza.\"}]}<\/script>\n<!-- \/ Yoast SEO plugin. -->","yoast_head_json":{"title":"Quando \u00e8 Carnevale","description":"Carnevale \u00e8 una festa collegala alla Pasqua che cambia data ogni anno. Ecco come calcolare quando \u00e8 Carnevale quest'anno.","robots":{"index":"index","follow":"follow","max-snippet":"max-snippet:-1","max-image-preview":"max-image-preview:large","max-video-preview":"max-video-preview:-1"},"canonical":"https:\/\/www.dottorgadget.it\/news\/quando-e-carnevale\/","og_locale":"it_IT","og_type":"article","og_title":"Quando \u00e8 Carnevale","og_description":"Carnevale \u00e8 una festa collegala alla Pasqua che cambia data ogni anno. Ecco come calcolare quando \u00e8 Carnevale quest'anno.","og_url":"https:\/\/www.dottorgadget.it\/news\/quando-e-carnevale\/","og_site_name":"DottorGadget News","article_published_time":"2022-02-11T19:53:08+00:00","article_modified_time":"2022-02-12T00:40:48+00:00","og_image":[{"width":1280,"height":853,"url":"https:\/\/www.dottorgadget.it\/news\/wp-content\/uploads\/2022\/02\/quando-e-carnevale2.jpg","type":"image\/jpeg"}],"author":"Filippo","twitter_card":"summary_large_image","twitter_misc":{"Scritto da":"Filippo","Tempo di lettura stimato":"3 minuti"},"schema":{"@context":"https:\/\/schema.org","@graph":[{"@type":"Article","@id":"https:\/\/www.dottorgadget.it\/news\/quando-e-carnevale\/#article","isPartOf":{"@id":"https:\/\/www.dottorgadget.it\/news\/quando-e-carnevale\/"},"author":{"name":"Filippo","@id":"https:\/\/www.dottorgadget.it\/news\/#\/schema\/person\/303124d03e1dc2ba2213427fbd91c82d"},"headline":"Quando \u00e8 Carnevale","datePublished":"2022-02-11T19:53:08+00:00","dateModified":"2022-02-12T00:40:48+00:00","mainEntityOfPage":{"@id":"https:\/\/www.dottorgadget.it\/news\/quando-e-carnevale\/"},"wordCount":492,"commentCount":0,"image":{"@id":"https:\/\/www.dottorgadget.it\/news\/quando-e-carnevale\/#primaryimage"},"thumbnailUrl":"https:\/\/www.dottorgadget.it\/news\/wp-content\/uploads\/2022\/02\/quando-e-carnevale2.jpg","articleSection":["Curiosit\u00e0","Feste"],"inLanguage":"it-IT","potentialAction":[{"@type":"CommentAction","name":"Comment","target":["https:\/\/www.dottorgadget.it\/news\/quando-e-carnevale\/#respond"]}]},{"@type":"WebPage","@id":"https:\/\/www.dottorgadget.it\/news\/quando-e-carnevale\/","url":"https:\/\/www.dottorgadget.it\/news\/quando-e-carnevale\/","name":"Quando \u00e8 Carnevale","isPartOf":{"@id":"https:\/\/www.dottorgadget.it\/news\/#website"},"primaryImageOfPage":{"@id":"https:\/\/www.dottorgadget.it\/news\/quando-e-carnevale\/#primaryimage"},"image":{"@id":"https:\/\/www.dottorgadget.it\/news\/quando-e-carnevale\/#primaryimage"},"thumbnailUrl":"https:\/\/www.dottorgadget.it\/news\/wp-content\/uploads\/2022\/02\/quando-e-carnevale2.jpg","datePublished":"2022-02-11T19:53:08+00:00","dateModified":"2022-02-12T00:40:48+00:00","author":{"@id":"https:\/\/www.dottorgadget.it\/news\/#\/schema\/person\/303124d03e1dc2ba2213427fbd91c82d"},"description":"Carnevale \u00e8 una festa collegala alla Pasqua che cambia data ogni anno. Ecco come calcolare quando \u00e8 Carnevale quest'anno.","breadcrumb":{"@id":"https:\/\/www.dottorgadget.it\/news\/quando-e-carnevale\/#breadcrumb"},"inLanguage":"it-IT","potentialAction":[{"@type":"ReadAction","target":["https:\/\/www.dottorgadget.it\/news\/quando-e-carnevale\/"]}]},{"@type":"ImageObject","inLanguage":"it-IT","@id":"https:\/\/www.dottorgadget.it\/news\/quando-e-carnevale\/#primaryimage","url":"https:\/\/www.dottorgadget.it\/news\/wp-content\/uploads\/2022\/02\/quando-e-carnevale2.jpg","contentUrl":"https:\/\/www.dottorgadget.it\/news\/wp-content\/uploads\/2022\/02\/quando-e-carnevale2.jpg","width":1280,"height":853,"caption":"Quando \u00e8 Carnevale"},{"@type":"BreadcrumbList","@id":"https:\/\/www.dottorgadget.it\/news\/quando-e-carnevale\/#breadcrumb","itemListElement":[{"@type":"ListItem","position":1,"name":"Home","item":"https:\/\/www.dottorgadget.it\/news\/"},{"@type":"ListItem","position":2,"name":"Quando \u00e8 Carnevale"}]},{"@type":"WebSite","@id":"https:\/\/www.dottorgadget.it\/news\/#website","url":"https:\/\/www.dottorgadget.it\/news\/","name":"DottorGadget News","description":"Gadget innovativi e idee regalo","potentialAction":[{"@type":"SearchAction","target":{"@type":"EntryPoint","urlTemplate":"https:\/\/www.dottorgadget.it\/news\/?s={search_term_string}"},"query-input":{"@type":"PropertyValueSpecification","valueRequired":true,"valueName":"search_term_string"}}],"inLanguage":"it-IT"},{"@type":"Person","@id":"https:\/\/www.dottorgadget.it\/news\/#\/schema\/person\/303124d03e1dc2ba2213427fbd91c82d","name":"Filippo","image":{"@type":"ImageObject","inLanguage":"it-IT","@id":"https:\/\/secure.gravatar.com\/avatar\/ee736bde69729344a4f0a989a14ac33282698f82a57df2a1d9dea09c2bc8a62d?s=96&d=mm&r=g","url":"https:\/\/secure.gravatar.com\/avatar\/ee736bde69729344a4f0a989a14ac33282698f82a57df2a1d9dea09c2bc8a62d?s=96&d=mm&r=g","contentUrl":"https:\/\/secure.gravatar.com\/avatar\/ee736bde69729344a4f0a989a14ac33282698f82a57df2a1d9dea09c2bc8a62d?s=96&d=mm&r=g","caption":"Filippo"},"description":"\u00c8 il pi\u00f9 stretto collaboratore del Dottor Gadget, tant'\u00e8 che viene spesso scambiato per il Grande Capo. Svolge il ruolo di blogger, critico, recensore, addetto alle fotocopie, talent scout dei gadget, segretario di se stesso, consigliere d\u2019amministrazione, consigliere spirituale e tanti altri ruoli che non sa ancora di avere. Nel tempo libero corre, anche se alla fine si ritrova sempre al punto di partenza."}]}},"_links":{"self":[{"href":"https:\/\/www.dottorgadget.it\/news\/wp-json\/wp\/v2\/posts\/6117","targetHints":{"allow":["GET"]}}],"collection":[{"href":"https:\/\/www.dottorgadget.it\/news\/wp-json\/wp\/v2\/posts"}],"about":[{"href":"https:\/\/www.dottorgadget.it\/news\/wp-json\/wp\/v2\/types\/post"}],"author":[{"embeddable":true,"href":"https:\/\/www.dottorgadget.it\/news\/wp-json\/wp\/v2\/users\/3"}],"replies":[{"embeddable":true,"href":"https:\/\/www.dottorgadget.it\/news\/wp-json\/wp\/v2\/comments?post=6117"}],"version-history":[{"count":3,"href":"https:\/\/www.dottorgadget.it\/news\/wp-json\/wp\/v2\/posts\/6117\/revisions"}],"predecessor-version":[{"id":6120,"href":"https:\/\/www.dottorgadget.it\/news\/wp-json\/wp\/v2\/posts\/6117\/revisions\/6120"}],"wp:featuredmedia":[{"embeddable":true,"href":"https:\/\/www.dottorgadget.it\/news\/wp-json\/wp\/v2\/media\/6124"}],"wp:attachment":[{"href":"https:\/\/www.dottorgadget.it\/news\/wp-json\/wp\/v2\/media?parent=6117"}],"wp:term":[{"taxonomy":"category","embeddable":true,"href":"https:\/\/www.dottorgadget.it\/news\/wp-json\/wp\/v2\/categories?post=6117"},{"taxonomy":"post_tag","embeddable":true,"href":"https:\/\/www.dottorgadget.it\/news\/wp-json\/wp\/v2\/tags?post=6117"}],"curies":[{"name":"wp","href":"https:\/\/api.w.org\/{rel}","templated":true}]}}