{"id":4588,"date":"2021-03-24T02:37:18","date_gmt":"2021-03-24T01:37:18","guid":{"rendered":"https:\/\/www.dottorgadget.it\/news\/?p=4588"},"modified":"2021-03-24T09:25:20","modified_gmt":"2021-03-24T08:25:20","slug":"quando-inizia-la-primavera","status":"publish","type":"post","link":"https:\/\/www.dottorgadget.it\/news\/quando-inizia-la-primavera\/","title":{"rendered":"Quando inizia la primavera?"},"content":{"rendered":"<h2>Il primo giorno di primavera \u00e8 sempre attesissimo, ecco quando inizia<\/h2>\n<p>L&#8217;arrivo della primavera \u00e8 un momento molto atteso. Dopo i mesi freddi e bui dell&#8217;inverno si ha voglia di un cambio di rotta. Con la primavera le temperature iniziano ad alzarsi e le giornate sono sempre pi\u00f9 lunghe.<br \/>\nMagari gli amanti degli sport invernali o dei climi freddi vivono con un po&#8217; di rammarico la fine della loro stagione preferita. In generale per\u00f2 la primavera viene sempre accolta con grande entusiasmo.<br \/>\nDopotutto \u00e8 la stagione in cui la natura rinasce, cosa resa evidente soprattutto dalle piante e dai fiori che ritornano a essere rigogliosi e ricchi di vita.<br \/>\nMa <strong>quando inizia la primavera?<\/strong> Se ci basiamo su ci\u00f2 che accade attorno a noi il suo arrivo pu\u00f2 essere molto variabile, mentre ufficialmente inizia attorno al 20 marzo.<\/p>\n<h2>Equinozio di primavera, il giorno del cambio di stagione<\/h2>\n<p>Nell&#8217;osservazione della natura la sensazione che sia arrivata la primavera \u00e8 influenzata dal clima. Ci sono anni in cui gi\u00e0 a febbraio si hanno giornate che ci danno un assaggio della primavera; altri in cui ad aprile ci sono ancora giornate fin troppo fresche per chi non vede l&#8217;ora dell&#8217;arrivo di un clima pi\u00f9 mite.<\/p>\n<p>La data ufficiale invece \u00e8 <strong>attorno al 20 di marzo<\/strong>, con una lieve incertezza dovuta a ci\u00f2 che d\u00e0 il via alla stagione: <strong>l&#8217;equinozio<\/strong>.<br \/>\nL&#8217;equinozio \u00e8 il giorno in cui l&#8217;asse di rotazione terrestre \u00e8 perpendicolare alla direzione dei raggi del Sole (zenit dell&#8217;equatore). Cosa che rende la durata del giorno e della notte uguali.<br \/>\nQuesta situazione accade 2 volte all&#8217;anno. A marzo \u00e8 anche il <strong>primo giorno della primavera<\/strong>, mentre a settembre \u00e8 anche il primo giorno dell&#8217;autunno.<\/p>\n<p>Poich\u00e9 l&#8217;<strong>equinozio di primavera<\/strong> non cade sempre lo stesso giorno, anche l&#8217;inizio della primavera pu\u00f2 cambiare. La differenza tra un anno e l&#8217;altro per\u00f2 \u00e8 minima. Negli anni 2000 \u00e8 stato quasi sempre il 20 di marzo, salvo due anni in cui c&#8217;\u00e8 stato il 21 di marzo.<br \/>\nLa situazione sar\u00e0 cos\u00ec a lungo perch\u00e9, calendario alla mano, sar\u00e0 solo a partire dal 2044 che l&#8217;equinozio di primavera cadr\u00e0 anche il 19 di marzo.<\/p>\n<h2>\u00c8 l&#8217;equinozio impreciso o \u00e8 il calendario?<\/h2>\n<p>Qui sorge spontaneo un dubbio: come mai il sole \u00e8 cos\u00ec impreciso? Nel caso dell&#8217;equinozio il problema non \u00e8 n\u00e9 il Sole n\u00e9 l&#8217;asse terrestre, bens\u00ec il calendario gregoriano.<br \/>\nDifatti il calendario che usiamo noi occidentali non corrisponde all&#8217;anno siderale e nemmeno all&#8217;anno solare. Cosa evidente se pensiamo all&#8217;esistenza degli anni bisestili, degli anni con un giorno in pi\u00f9 per pareggiare i ritardi che altrimenti accumuleremmo con il nostro calendario da 365 giorni.<br \/>\nPer questo l&#8217;<strong>equinozio <\/strong>sembra un po&#8217; ballerino, ma si tratta di differenze minimali, non a caso varia al massimo di un giorno.<\/p>\n<p>La piccola incertezza per\u00f2 basta a causare molti dubbi, anche perch\u00e9 non \u00e8 qualcosa che possiamo sapere da soli. Solo informandoci possiamo scoprire <strong>quando inizia la primavera<\/strong> ogni anno.<br \/>\nSempre che vi interessi essere estremamente imprecisi. Volendo potete considerare l&#8217;inizio della stagione basandovi sulla natura. Quando gli alberi iniziano a germogliare e i fiori fanno capolino nei prati, \u00e8 arrivata la primavera.<\/p>\n<h2>Primo giorno di primavera, \u00e8 un giorno di festa?<\/h2>\n<p>Purtroppo la riposta \u00e8 no, l&#8217;arrivo della primavera non viene festeggiato. Rimane per\u00f2 un giorno importante, ad esempio l&#8217;equinozio viene usato dalla chiesa per calcolare <strong><a href=\"https:\/\/www.dottorgadget.it\/news\/quando-e-pasqua\/\">quando \u00e8 Pasqua<\/a><\/strong>.<br \/>\nIl fatto che non ci sia una festa nazionale per celebrare il cambio di stagione per\u00f2 non significa che ci sia qualche divieto. Soprattutto se abbiamo dei figli o dei nipoti possiamo approfittare del <strong>primo giorno di primavera<\/strong> per fare qualche attivit\u00e0 divertente con loro. Magari trasformandolo anche in un gioco istruttivo, con tante informazioni interessanti su quando comincia la primavera e tutte le curiosit\u00e0 legate a questa bellissima stagione.<\/p>\n","protected":false},"excerpt":{"rendered":"<p>Il primo giorno di primavera \u00e8 sempre attesissimo, ecco quando inizia L&#8217;arrivo della primavera \u00e8 un momento molto atteso. Dopo i mesi freddi e bui dell&#8217;inverno si ha voglia di un cambio di rotta. Con la primavera le temperature iniziano ad alzarsi e le giornate sono sempre pi\u00f9 lunghe. Magari gli amanti degli sport invernali o dei climi freddi vivono con un po&#8217; di rammarico la fine della loro stagione preferita. In generale per\u00f2 la primavera viene sempre accolta con grande entusiasmo. Dopotutto \u00e8 la stagione in cui la natura rinasce, cosa resa evidente soprattutto dalle piante e dai fiori che ritornano a essere rigogliosi e ricchi di vita. Ma quando inizia la primavera? Se ci basiamo su ci\u00f2 che accade attorno a noi il suo arrivo pu\u00f2 essere molto variabile, mentre ufficialmente inizia attorno al 20 marzo. Equinozio di primavera, il giorno del cambio di stagione Nell&#8217;osservazione della natura la sensazione che sia arrivata la primavera \u00e8 influenzata dal clima. Ci sono anni in cui gi\u00e0 a febbraio si hanno giornate che ci danno un assaggio della primavera; altri in cui ad aprile ci sono ancora giornate fin troppo fresche per chi non vede l&#8217;ora dell&#8217;arrivo di un clima [&hellip;]<\/p>\n","protected":false},"author":3,"featured_media":4592,"comment_status":"open","ping_status":"open","sticky":false,"template":"","format":"standard","meta":{"_acf_changed":false,"footnotes":""},"categories":[13],"tags":[],"class_list":["post-4588","post","type-post","status-publish","format-standard","has-post-thumbnail","hentry","category-curiosita"],"acf":[],"yoast_head":"<!-- This site is optimized with the Yoast SEO plugin v28.3 - https:\/\/yoast.com\/product\/yoast-seo-wordpress\/ -->\n<title>Quando inizia la primavera? La data ufficiale anno per anno<\/title>\n<meta name=\"description\" content=\"La primavera non inizia sempre lo stesso giorno ed \u00e8 influenzata dall&#039;equinozio di marzo. Ecco le motivazioni e le date dei prossimi anni.\" \/>\n<meta name=\"robots\" content=\"index, follow, max-snippet:-1, max-image-preview:large, max-video-preview:-1\" \/>\n<link rel=\"canonical\" href=\"https:\/\/www.dottorgadget.it\/news\/quando-inizia-la-primavera\/\" \/>\n<meta property=\"og:locale\" content=\"it_IT\" \/>\n<meta property=\"og:type\" content=\"article\" \/>\n<meta property=\"og:title\" content=\"Quando inizia la primavera? La data ufficiale anno per anno\" \/>\n<meta property=\"og:description\" content=\"La primavera non inizia sempre lo stesso giorno ed \u00e8 influenzata dall&#039;equinozio di marzo. Ecco le motivazioni e le date dei prossimi anni.\" \/>\n<meta property=\"og:url\" content=\"https:\/\/www.dottorgadget.it\/news\/quando-inizia-la-primavera\/\" \/>\n<meta property=\"og:site_name\" content=\"DottorGadget News\" \/>\n<meta property=\"article:published_time\" content=\"2021-03-24T01:37:18+00:00\" \/>\n<meta property=\"article:modified_time\" content=\"2021-03-24T08:25:20+00:00\" \/>\n<meta property=\"og:image\" content=\"https:\/\/www.dottorgadget.it\/news\/wp-content\/uploads\/2021\/03\/quando-inizia-primavera.jpg\" \/>\n\t<meta property=\"og:image:width\" content=\"1280\" \/>\n\t<meta property=\"og:image:height\" content=\"853\" \/>\n\t<meta property=\"og:image:type\" content=\"image\/jpeg\" \/>\n<meta name=\"author\" content=\"Filippo\" \/>\n<meta name=\"twitter:card\" content=\"summary_large_image\" \/>\n<meta name=\"twitter:label1\" content=\"Scritto da\" \/>\n\t<meta name=\"twitter:data1\" content=\"Filippo\" \/>\n\t<meta name=\"twitter:label2\" content=\"Tempo di lettura stimato\" \/>\n\t<meta name=\"twitter:data2\" content=\"3 minuti\" \/>\n<script type=\"application\/ld+json\" class=\"yoast-schema-graph\">{\"@context\":\"https:\\\/\\\/schema.org\",\"@graph\":[{\"@type\":\"Article\",\"@id\":\"https:\\\/\\\/www.dottorgadget.it\\\/news\\\/quando-inizia-la-primavera\\\/#article\",\"isPartOf\":{\"@id\":\"https:\\\/\\\/www.dottorgadget.it\\\/news\\\/quando-inizia-la-primavera\\\/\"},\"author\":{\"name\":\"Filippo\",\"@id\":\"https:\\\/\\\/www.dottorgadget.it\\\/news\\\/#\\\/schema\\\/person\\\/303124d03e1dc2ba2213427fbd91c82d\"},\"headline\":\"Quando inizia la primavera?\",\"datePublished\":\"2021-03-24T01:37:18+00:00\",\"dateModified\":\"2021-03-24T08:25:20+00:00\",\"mainEntityOfPage\":{\"@id\":\"https:\\\/\\\/www.dottorgadget.it\\\/news\\\/quando-inizia-la-primavera\\\/\"},\"wordCount\":626,\"commentCount\":0,\"image\":{\"@id\":\"https:\\\/\\\/www.dottorgadget.it\\\/news\\\/quando-inizia-la-primavera\\\/#primaryimage\"},\"thumbnailUrl\":\"https:\\\/\\\/www.dottorgadget.it\\\/news\\\/wp-content\\\/uploads\\\/2021\\\/03\\\/quando-inizia-primavera.jpg\",\"articleSection\":[\"Curiosit\u00e0\"],\"inLanguage\":\"it-IT\",\"potentialAction\":[{\"@type\":\"CommentAction\",\"name\":\"Comment\",\"target\":[\"https:\\\/\\\/www.dottorgadget.it\\\/news\\\/quando-inizia-la-primavera\\\/#respond\"]}]},{\"@type\":\"WebPage\",\"@id\":\"https:\\\/\\\/www.dottorgadget.it\\\/news\\\/quando-inizia-la-primavera\\\/\",\"url\":\"https:\\\/\\\/www.dottorgadget.it\\\/news\\\/quando-inizia-la-primavera\\\/\",\"name\":\"Quando inizia la primavera? La data ufficiale anno per anno\",\"isPartOf\":{\"@id\":\"https:\\\/\\\/www.dottorgadget.it\\\/news\\\/#website\"},\"primaryImageOfPage\":{\"@id\":\"https:\\\/\\\/www.dottorgadget.it\\\/news\\\/quando-inizia-la-primavera\\\/#primaryimage\"},\"image\":{\"@id\":\"https:\\\/\\\/www.dottorgadget.it\\\/news\\\/quando-inizia-la-primavera\\\/#primaryimage\"},\"thumbnailUrl\":\"https:\\\/\\\/www.dottorgadget.it\\\/news\\\/wp-content\\\/uploads\\\/2021\\\/03\\\/quando-inizia-primavera.jpg\",\"datePublished\":\"2021-03-24T01:37:18+00:00\",\"dateModified\":\"2021-03-24T08:25:20+00:00\",\"author\":{\"@id\":\"https:\\\/\\\/www.dottorgadget.it\\\/news\\\/#\\\/schema\\\/person\\\/303124d03e1dc2ba2213427fbd91c82d\"},\"description\":\"La primavera non inizia sempre lo stesso giorno ed \u00e8 influenzata dall'equinozio di marzo. Ecco le motivazioni e le date dei prossimi anni.\",\"breadcrumb\":{\"@id\":\"https:\\\/\\\/www.dottorgadget.it\\\/news\\\/quando-inizia-la-primavera\\\/#breadcrumb\"},\"inLanguage\":\"it-IT\",\"potentialAction\":[{\"@type\":\"ReadAction\",\"target\":[\"https:\\\/\\\/www.dottorgadget.it\\\/news\\\/quando-inizia-la-primavera\\\/\"]}]},{\"@type\":\"ImageObject\",\"inLanguage\":\"it-IT\",\"@id\":\"https:\\\/\\\/www.dottorgadget.it\\\/news\\\/quando-inizia-la-primavera\\\/#primaryimage\",\"url\":\"https:\\\/\\\/www.dottorgadget.it\\\/news\\\/wp-content\\\/uploads\\\/2021\\\/03\\\/quando-inizia-primavera.jpg\",\"contentUrl\":\"https:\\\/\\\/www.dottorgadget.it\\\/news\\\/wp-content\\\/uploads\\\/2021\\\/03\\\/quando-inizia-primavera.jpg\",\"width\":1280,\"height\":853,\"caption\":\"Quando inizia la primavera\"},{\"@type\":\"BreadcrumbList\",\"@id\":\"https:\\\/\\\/www.dottorgadget.it\\\/news\\\/quando-inizia-la-primavera\\\/#breadcrumb\",\"itemListElement\":[{\"@type\":\"ListItem\",\"position\":1,\"name\":\"Home\",\"item\":\"https:\\\/\\\/www.dottorgadget.it\\\/news\\\/\"},{\"@type\":\"ListItem\",\"position\":2,\"name\":\"Quando inizia la primavera?\"}]},{\"@type\":\"WebSite\",\"@id\":\"https:\\\/\\\/www.dottorgadget.it\\\/news\\\/#website\",\"url\":\"https:\\\/\\\/www.dottorgadget.it\\\/news\\\/\",\"name\":\"DottorGadget News\",\"description\":\"Gadget innovativi e idee regalo\",\"potentialAction\":[{\"@type\":\"SearchAction\",\"target\":{\"@type\":\"EntryPoint\",\"urlTemplate\":\"https:\\\/\\\/www.dottorgadget.it\\\/news\\\/?s={search_term_string}\"},\"query-input\":{\"@type\":\"PropertyValueSpecification\",\"valueRequired\":true,\"valueName\":\"search_term_string\"}}],\"inLanguage\":\"it-IT\"},{\"@type\":\"Person\",\"@id\":\"https:\\\/\\\/www.dottorgadget.it\\\/news\\\/#\\\/schema\\\/person\\\/303124d03e1dc2ba2213427fbd91c82d\",\"name\":\"Filippo\",\"image\":{\"@type\":\"ImageObject\",\"inLanguage\":\"it-IT\",\"@id\":\"https:\\\/\\\/secure.gravatar.com\\\/avatar\\\/ee736bde69729344a4f0a989a14ac33282698f82a57df2a1d9dea09c2bc8a62d?s=96&d=mm&r=g\",\"url\":\"https:\\\/\\\/secure.gravatar.com\\\/avatar\\\/ee736bde69729344a4f0a989a14ac33282698f82a57df2a1d9dea09c2bc8a62d?s=96&d=mm&r=g\",\"contentUrl\":\"https:\\\/\\\/secure.gravatar.com\\\/avatar\\\/ee736bde69729344a4f0a989a14ac33282698f82a57df2a1d9dea09c2bc8a62d?s=96&d=mm&r=g\",\"caption\":\"Filippo\"},\"description\":\"\u00c8 il pi\u00f9 stretto collaboratore del Dottor Gadget, tant'\u00e8 che viene spesso scambiato per il Grande Capo. Svolge il ruolo di blogger, critico, recensore, addetto alle fotocopie, talent scout dei gadget, segretario di se stesso, consigliere d\u2019amministrazione, consigliere spirituale e tanti altri ruoli che non sa ancora di avere. Nel tempo libero corre, anche se alla fine si ritrova sempre al punto di partenza.\"}]}<\/script>\n<!-- \/ Yoast SEO plugin. -->","yoast_head_json":{"title":"Quando inizia la primavera? La data ufficiale anno per anno","description":"La primavera non inizia sempre lo stesso giorno ed \u00e8 influenzata dall'equinozio di marzo. Ecco le motivazioni e le date dei prossimi anni.","robots":{"index":"index","follow":"follow","max-snippet":"max-snippet:-1","max-image-preview":"max-image-preview:large","max-video-preview":"max-video-preview:-1"},"canonical":"https:\/\/www.dottorgadget.it\/news\/quando-inizia-la-primavera\/","og_locale":"it_IT","og_type":"article","og_title":"Quando inizia la primavera? La data ufficiale anno per anno","og_description":"La primavera non inizia sempre lo stesso giorno ed \u00e8 influenzata dall'equinozio di marzo. Ecco le motivazioni e le date dei prossimi anni.","og_url":"https:\/\/www.dottorgadget.it\/news\/quando-inizia-la-primavera\/","og_site_name":"DottorGadget News","article_published_time":"2021-03-24T01:37:18+00:00","article_modified_time":"2021-03-24T08:25:20+00:00","og_image":[{"width":1280,"height":853,"url":"https:\/\/www.dottorgadget.it\/news\/wp-content\/uploads\/2021\/03\/quando-inizia-primavera.jpg","type":"image\/jpeg"}],"author":"Filippo","twitter_card":"summary_large_image","twitter_misc":{"Scritto da":"Filippo","Tempo di lettura stimato":"3 minuti"},"schema":{"@context":"https:\/\/schema.org","@graph":[{"@type":"Article","@id":"https:\/\/www.dottorgadget.it\/news\/quando-inizia-la-primavera\/#article","isPartOf":{"@id":"https:\/\/www.dottorgadget.it\/news\/quando-inizia-la-primavera\/"},"author":{"name":"Filippo","@id":"https:\/\/www.dottorgadget.it\/news\/#\/schema\/person\/303124d03e1dc2ba2213427fbd91c82d"},"headline":"Quando inizia la primavera?","datePublished":"2021-03-24T01:37:18+00:00","dateModified":"2021-03-24T08:25:20+00:00","mainEntityOfPage":{"@id":"https:\/\/www.dottorgadget.it\/news\/quando-inizia-la-primavera\/"},"wordCount":626,"commentCount":0,"image":{"@id":"https:\/\/www.dottorgadget.it\/news\/quando-inizia-la-primavera\/#primaryimage"},"thumbnailUrl":"https:\/\/www.dottorgadget.it\/news\/wp-content\/uploads\/2021\/03\/quando-inizia-primavera.jpg","articleSection":["Curiosit\u00e0"],"inLanguage":"it-IT","potentialAction":[{"@type":"CommentAction","name":"Comment","target":["https:\/\/www.dottorgadget.it\/news\/quando-inizia-la-primavera\/#respond"]}]},{"@type":"WebPage","@id":"https:\/\/www.dottorgadget.it\/news\/quando-inizia-la-primavera\/","url":"https:\/\/www.dottorgadget.it\/news\/quando-inizia-la-primavera\/","name":"Quando inizia la primavera? La data ufficiale anno per anno","isPartOf":{"@id":"https:\/\/www.dottorgadget.it\/news\/#website"},"primaryImageOfPage":{"@id":"https:\/\/www.dottorgadget.it\/news\/quando-inizia-la-primavera\/#primaryimage"},"image":{"@id":"https:\/\/www.dottorgadget.it\/news\/quando-inizia-la-primavera\/#primaryimage"},"thumbnailUrl":"https:\/\/www.dottorgadget.it\/news\/wp-content\/uploads\/2021\/03\/quando-inizia-primavera.jpg","datePublished":"2021-03-24T01:37:18+00:00","dateModified":"2021-03-24T08:25:20+00:00","author":{"@id":"https:\/\/www.dottorgadget.it\/news\/#\/schema\/person\/303124d03e1dc2ba2213427fbd91c82d"},"description":"La primavera non inizia sempre lo stesso giorno ed \u00e8 influenzata dall'equinozio di marzo. Ecco le motivazioni e le date dei prossimi anni.","breadcrumb":{"@id":"https:\/\/www.dottorgadget.it\/news\/quando-inizia-la-primavera\/#breadcrumb"},"inLanguage":"it-IT","potentialAction":[{"@type":"ReadAction","target":["https:\/\/www.dottorgadget.it\/news\/quando-inizia-la-primavera\/"]}]},{"@type":"ImageObject","inLanguage":"it-IT","@id":"https:\/\/www.dottorgadget.it\/news\/quando-inizia-la-primavera\/#primaryimage","url":"https:\/\/www.dottorgadget.it\/news\/wp-content\/uploads\/2021\/03\/quando-inizia-primavera.jpg","contentUrl":"https:\/\/www.dottorgadget.it\/news\/wp-content\/uploads\/2021\/03\/quando-inizia-primavera.jpg","width":1280,"height":853,"caption":"Quando inizia la primavera"},{"@type":"BreadcrumbList","@id":"https:\/\/www.dottorgadget.it\/news\/quando-inizia-la-primavera\/#breadcrumb","itemListElement":[{"@type":"ListItem","position":1,"name":"Home","item":"https:\/\/www.dottorgadget.it\/news\/"},{"@type":"ListItem","position":2,"name":"Quando inizia la primavera?"}]},{"@type":"WebSite","@id":"https:\/\/www.dottorgadget.it\/news\/#website","url":"https:\/\/www.dottorgadget.it\/news\/","name":"DottorGadget News","description":"Gadget innovativi e idee regalo","potentialAction":[{"@type":"SearchAction","target":{"@type":"EntryPoint","urlTemplate":"https:\/\/www.dottorgadget.it\/news\/?s={search_term_string}"},"query-input":{"@type":"PropertyValueSpecification","valueRequired":true,"valueName":"search_term_string"}}],"inLanguage":"it-IT"},{"@type":"Person","@id":"https:\/\/www.dottorgadget.it\/news\/#\/schema\/person\/303124d03e1dc2ba2213427fbd91c82d","name":"Filippo","image":{"@type":"ImageObject","inLanguage":"it-IT","@id":"https:\/\/secure.gravatar.com\/avatar\/ee736bde69729344a4f0a989a14ac33282698f82a57df2a1d9dea09c2bc8a62d?s=96&d=mm&r=g","url":"https:\/\/secure.gravatar.com\/avatar\/ee736bde69729344a4f0a989a14ac33282698f82a57df2a1d9dea09c2bc8a62d?s=96&d=mm&r=g","contentUrl":"https:\/\/secure.gravatar.com\/avatar\/ee736bde69729344a4f0a989a14ac33282698f82a57df2a1d9dea09c2bc8a62d?s=96&d=mm&r=g","caption":"Filippo"},"description":"\u00c8 il pi\u00f9 stretto collaboratore del Dottor Gadget, tant'\u00e8 che viene spesso scambiato per il Grande Capo. Svolge il ruolo di blogger, critico, recensore, addetto alle fotocopie, talent scout dei gadget, segretario di se stesso, consigliere d\u2019amministrazione, consigliere spirituale e tanti altri ruoli che non sa ancora di avere. Nel tempo libero corre, anche se alla fine si ritrova sempre al punto di partenza."}]}},"_links":{"self":[{"href":"https:\/\/www.dottorgadget.it\/news\/wp-json\/wp\/v2\/posts\/4588","targetHints":{"allow":["GET"]}}],"collection":[{"href":"https:\/\/www.dottorgadget.it\/news\/wp-json\/wp\/v2\/posts"}],"about":[{"href":"https:\/\/www.dottorgadget.it\/news\/wp-json\/wp\/v2\/types\/post"}],"author":[{"embeddable":true,"href":"https:\/\/www.dottorgadget.it\/news\/wp-json\/wp\/v2\/users\/3"}],"replies":[{"embeddable":true,"href":"https:\/\/www.dottorgadget.it\/news\/wp-json\/wp\/v2\/comments?post=4588"}],"version-history":[{"count":2,"href":"https:\/\/www.dottorgadget.it\/news\/wp-json\/wp\/v2\/posts\/4588\/revisions"}],"predecessor-version":[{"id":4590,"href":"https:\/\/www.dottorgadget.it\/news\/wp-json\/wp\/v2\/posts\/4588\/revisions\/4590"}],"wp:featuredmedia":[{"embeddable":true,"href":"https:\/\/www.dottorgadget.it\/news\/wp-json\/wp\/v2\/media\/4592"}],"wp:attachment":[{"href":"https:\/\/www.dottorgadget.it\/news\/wp-json\/wp\/v2\/media?parent=4588"}],"wp:term":[{"taxonomy":"category","embeddable":true,"href":"https:\/\/www.dottorgadget.it\/news\/wp-json\/wp\/v2\/categories?post=4588"},{"taxonomy":"post_tag","embeddable":true,"href":"https:\/\/www.dottorgadget.it\/news\/wp-json\/wp\/v2\/tags?post=4588"}],"curies":[{"name":"wp","href":"https:\/\/api.w.org\/{rel}","templated":true}]}}