{"id":214,"date":"2017-03-05T17:55:52","date_gmt":"2017-03-05T16:55:52","guid":{"rendered":"https:\/\/www.dottorgadget.it\/news\/?p=214"},"modified":"2019-04-15T02:09:59","modified_gmt":"2019-04-15T00:09:59","slug":"onomastico-patrizio-la-festa-san-patrizio","status":"publish","type":"post","link":"https:\/\/www.dottorgadget.it\/news\/onomastico-patrizio-la-festa-san-patrizio\/","title":{"rendered":"Onomastico Patrizio e la festa di San Patrizio"},"content":{"rendered":"<p>Ci sono <a href=\"https:\/\/www.dottorgadget.it\/77-regali-onomastico\"><strong>onomastici<\/strong><\/a> che non si possono dimenticare; sono quelli associati a delle feste molto sentite e che vengono festeggiati alla grande.<br \/>\nUn esempio perfetto \u00e8 <strong>San Patrizio<\/strong>, santo che <strong>viene festeggiato il 17 Marzo<\/strong> e che rende indimenticabile l&#8217;onomastico di tutti i Patrizio.<br \/>\nLa festa non fa parte delle festivit\u00e0 del nostro calendario, dopotutto parliamo del santo patrono d&#8217;Irlanda, quindi non avrebbe molto senso festeggiare una festa di altri paesi. Almeno non in via ufficiale.<br \/>\nGli unici paesi dove la festa di San Patrizio \u00e8 davvero sentita \u2013 Irlanda a parte \u2013 sono gi Stati Uniti e l&#8217;Australia, paesi dove emigrarono tantissimi irlandesi, i quali hanno mantenuto in vita le loro vecchie tradizioni.<br \/>\nCon il tempo per\u00f2 il 17 Marzo \u00e8 diventata un&#8217;occasione di festa anche in tutto il resto del mondo, anche se San Patrizio ha poco a che fare con questa diffusione (a prescindere dall&#8217;onomastico Patrizio).<br \/>\nSe qui in Italia festeggiamo non certo per una qualche devozione al santo, bens\u00ec per una scusa per uscire con gli amici e tracannare litri di birra. Difatti la tradizione vuole che sia proprio la birra la protagonista della festa, cosa non certo sorprendente visto che si tratta della bevanda nazionale irlandese.<br \/>\nI festeggiamenti a base di birra, canti e divertimento per\u00f2 sono la versione moderna e scanzonata della <strong>festa di San Patrizio<\/strong>, che come \u00e8 facile immaginare \u00e8 nata con altri presupposti.<\/p>\n<p>Pensate che Patrizio nemmeno era irlandese, era inglese, una cosa curiosa vista la rivalit\u00e0 tra i due popoli. Dopo una giovent\u00f9 travagliata &#8211; passata in parte in Irlanda come schiavo &#8211; divenne prima diacono, poi vescovo e fu in questo periodo che torn\u00f2 in Irlanda con l&#8217;incarico di evangelizzare l&#8217;Irlanda.<br \/>\nIn quell&#8217;epoca le terre irlandesi erano quasi interamente pagane. Grazie al suo lavoro non ci fu solo la diffusione del Cristianesimo in Irlanda, la sua opera pi\u00f9 attenta e si preoccup\u00f2 di non eliminare del tutto il paganesimo celtico.<br \/>\nNacque cos\u00ec la corrente del Cristianesimo celtico, che conservava le tradizioni storiche del popolo irlandese combinando molti elementi cristiani e pagani. San Patrizio mor\u00ec il 17 Marzo del 461, giorno che \u00e8 poi diventato la sua festa.<br \/>\nTra le curiosit\u00e0 che possiamo citare c&#8217;\u00e8 quella di San Patrizio e i serpenti, difatti una leggenda afferma che in Irlanda non ci sono serpenti proprio per merito di San Patrizio. Si narra che nel 441 San Patrizio trascorse 40 giorni e 40 notti sul monte Croagh Padraig (o Croagh Patrick), un giorno Patrizio scagli\u00f2 gi\u00f9 dal monte una campana, la quale spavent\u00f2 e fece scappare tutti i serpenti.<br \/>\nLa seconda curiosit\u00e0 \u00e8 sempre legata ad una leggenda, quella del Pozzo di San Patrizio, il pozzo senza fondo dal quale si aprivano le porte del purgatorio. Il pozzo, sempre secondo la leggenda \u2013 \u00e8 situato in una grotta sull&#8217;isolotto di Lough Derg. Il monte e l&#8217;isolotto sono entrambi mete di pellegrinaggio.<br \/>\nInsomma, direi che l&#8217;onomastico di Patrizio ha parecchi motivi per essere memorabile, quindi se avete amici o amiche (dopotutto \u00e8 anche l&#8217;onomastico Patrizia!) non avete scuse. Questo <strong>onomastico<\/strong> non si dimentica.<\/p>\n","protected":false},"excerpt":{"rendered":"<p>Ci sono onomastici che non si possono dimenticare; sono quelli associati a delle feste molto sentite e che vengono festeggiati alla grande. Un esempio perfetto \u00e8 San Patrizio, santo che viene festeggiato il 17 Marzo e che rende indimenticabile l&#8217;onomastico di tutti i Patrizio. La festa non fa parte delle festivit\u00e0 del nostro calendario, dopotutto parliamo del santo patrono d&#8217;Irlanda, quindi non avrebbe molto senso festeggiare una festa di altri paesi. Almeno non in via ufficiale. Gli unici paesi dove la festa di San Patrizio \u00e8 davvero sentita \u2013 Irlanda a parte \u2013 sono gi Stati Uniti e l&#8217;Australia, paesi dove emigrarono tantissimi irlandesi, i quali hanno mantenuto in vita le loro vecchie tradizioni. Con il tempo per\u00f2 il 17 Marzo \u00e8 diventata un&#8217;occasione di festa anche in tutto il resto del mondo, anche se San Patrizio ha poco a che fare con questa diffusione (a prescindere dall&#8217;onomastico Patrizio). Se qui in Italia festeggiamo non certo per una qualche devozione al santo, bens\u00ec per una scusa per uscire con gli amici e tracannare litri di birra. Difatti la tradizione vuole che sia proprio la birra la protagonista della festa, cosa non certo sorprendente visto che si tratta della bevanda nazionale [&hellip;]<\/p>\n","protected":false},"author":3,"featured_media":216,"comment_status":"open","ping_status":"open","sticky":false,"template":"","format":"standard","meta":{"_acf_changed":false,"footnotes":""},"categories":[35,2],"tags":[],"class_list":["post-214","post","type-post","status-publish","format-standard","has-post-thumbnail","hentry","category-feste","category-regali"],"acf":[],"yoast_head":"<!-- This site is optimized with the Yoast SEO plugin v28.3 - https:\/\/yoast.com\/product\/yoast-seo-wordpress\/ -->\n<title>Onomastico Patrizio e la festa di San Patrizio<\/title>\n<meta name=\"robots\" content=\"index, follow, max-snippet:-1, max-image-preview:large, max-video-preview:-1\" \/>\n<link rel=\"canonical\" href=\"https:\/\/www.dottorgadget.it\/news\/onomastico-patrizio-la-festa-san-patrizio\/\" \/>\n<meta property=\"og:locale\" content=\"it_IT\" \/>\n<meta property=\"og:type\" content=\"article\" \/>\n<meta property=\"og:title\" content=\"Onomastico Patrizio e la festa di San Patrizio\" \/>\n<meta property=\"og:description\" content=\"Ci sono onomastici che non si possono dimenticare; sono quelli associati a delle feste molto sentite e che vengono festeggiati alla grande. Un esempio perfetto \u00e8 San Patrizio, santo che viene festeggiato il 17 Marzo e che rende indimenticabile l&#8217;onomastico di tutti i Patrizio. La festa non fa parte delle festivit\u00e0 del nostro calendario, dopotutto parliamo del santo patrono d&#8217;Irlanda, quindi non avrebbe molto senso festeggiare una festa di altri paesi. Almeno non in via ufficiale. Gli unici paesi dove la festa di San Patrizio \u00e8 davvero sentita \u2013 Irlanda a parte \u2013 sono gi Stati Uniti e l&#8217;Australia, paesi dove emigrarono tantissimi irlandesi, i quali hanno mantenuto in vita le loro vecchie tradizioni. Con il tempo per\u00f2 il 17 Marzo \u00e8 diventata un&#8217;occasione di festa anche in tutto il resto del mondo, anche se San Patrizio ha poco a che fare con questa diffusione (a prescindere dall&#8217;onomastico Patrizio). Se qui in Italia festeggiamo non certo per una qualche devozione al santo, bens\u00ec per una scusa per uscire con gli amici e tracannare litri di birra. Difatti la tradizione vuole che sia proprio la birra la protagonista della festa, cosa non certo sorprendente visto che si tratta della bevanda nazionale [&hellip;]\" \/>\n<meta property=\"og:url\" content=\"https:\/\/www.dottorgadget.it\/news\/onomastico-patrizio-la-festa-san-patrizio\/\" \/>\n<meta property=\"og:site_name\" content=\"DottorGadget News\" \/>\n<meta property=\"article:published_time\" content=\"2017-03-05T16:55:52+00:00\" \/>\n<meta property=\"article:modified_time\" content=\"2019-04-15T00:09:59+00:00\" \/>\n<meta property=\"og:image\" content=\"https:\/\/www.dottorgadget.it\/news\/wp-content\/uploads\/2017\/03\/onomastico-patrizio.jpg\" \/>\n\t<meta property=\"og:image:width\" content=\"1280\" \/>\n\t<meta property=\"og:image:height\" content=\"1024\" \/>\n\t<meta property=\"og:image:type\" content=\"image\/jpeg\" \/>\n<meta name=\"author\" content=\"Filippo\" \/>\n<meta name=\"twitter:card\" content=\"summary_large_image\" \/>\n<meta name=\"twitter:label1\" content=\"Scritto da\" \/>\n\t<meta name=\"twitter:data1\" content=\"Filippo\" \/>\n\t<meta name=\"twitter:label2\" content=\"Tempo di lettura stimato\" \/>\n\t<meta name=\"twitter:data2\" content=\"2 minuti\" \/>\n<script type=\"application\/ld+json\" class=\"yoast-schema-graph\">{\"@context\":\"https:\\\/\\\/schema.org\",\"@graph\":[{\"@type\":\"Article\",\"@id\":\"https:\\\/\\\/www.dottorgadget.it\\\/news\\\/onomastico-patrizio-la-festa-san-patrizio\\\/#article\",\"isPartOf\":{\"@id\":\"https:\\\/\\\/www.dottorgadget.it\\\/news\\\/onomastico-patrizio-la-festa-san-patrizio\\\/\"},\"author\":{\"name\":\"Filippo\",\"@id\":\"https:\\\/\\\/www.dottorgadget.it\\\/news\\\/#\\\/schema\\\/person\\\/303124d03e1dc2ba2213427fbd91c82d\"},\"headline\":\"Onomastico Patrizio e la festa di San Patrizio\",\"datePublished\":\"2017-03-05T16:55:52+00:00\",\"dateModified\":\"2019-04-15T00:09:59+00:00\",\"mainEntityOfPage\":{\"@id\":\"https:\\\/\\\/www.dottorgadget.it\\\/news\\\/onomastico-patrizio-la-festa-san-patrizio\\\/\"},\"wordCount\":511,\"commentCount\":0,\"image\":{\"@id\":\"https:\\\/\\\/www.dottorgadget.it\\\/news\\\/onomastico-patrizio-la-festa-san-patrizio\\\/#primaryimage\"},\"thumbnailUrl\":\"https:\\\/\\\/www.dottorgadget.it\\\/news\\\/wp-content\\\/uploads\\\/2017\\\/03\\\/onomastico-patrizio.jpg\",\"articleSection\":[\"Feste\",\"Regali\"],\"inLanguage\":\"it-IT\",\"potentialAction\":[{\"@type\":\"CommentAction\",\"name\":\"Comment\",\"target\":[\"https:\\\/\\\/www.dottorgadget.it\\\/news\\\/onomastico-patrizio-la-festa-san-patrizio\\\/#respond\"]}]},{\"@type\":\"WebPage\",\"@id\":\"https:\\\/\\\/www.dottorgadget.it\\\/news\\\/onomastico-patrizio-la-festa-san-patrizio\\\/\",\"url\":\"https:\\\/\\\/www.dottorgadget.it\\\/news\\\/onomastico-patrizio-la-festa-san-patrizio\\\/\",\"name\":\"Onomastico Patrizio e la festa di San Patrizio\",\"isPartOf\":{\"@id\":\"https:\\\/\\\/www.dottorgadget.it\\\/news\\\/#website\"},\"primaryImageOfPage\":{\"@id\":\"https:\\\/\\\/www.dottorgadget.it\\\/news\\\/onomastico-patrizio-la-festa-san-patrizio\\\/#primaryimage\"},\"image\":{\"@id\":\"https:\\\/\\\/www.dottorgadget.it\\\/news\\\/onomastico-patrizio-la-festa-san-patrizio\\\/#primaryimage\"},\"thumbnailUrl\":\"https:\\\/\\\/www.dottorgadget.it\\\/news\\\/wp-content\\\/uploads\\\/2017\\\/03\\\/onomastico-patrizio.jpg\",\"datePublished\":\"2017-03-05T16:55:52+00:00\",\"dateModified\":\"2019-04-15T00:09:59+00:00\",\"author\":{\"@id\":\"https:\\\/\\\/www.dottorgadget.it\\\/news\\\/#\\\/schema\\\/person\\\/303124d03e1dc2ba2213427fbd91c82d\"},\"breadcrumb\":{\"@id\":\"https:\\\/\\\/www.dottorgadget.it\\\/news\\\/onomastico-patrizio-la-festa-san-patrizio\\\/#breadcrumb\"},\"inLanguage\":\"it-IT\",\"potentialAction\":[{\"@type\":\"ReadAction\",\"target\":[\"https:\\\/\\\/www.dottorgadget.it\\\/news\\\/onomastico-patrizio-la-festa-san-patrizio\\\/\"]}]},{\"@type\":\"ImageObject\",\"inLanguage\":\"it-IT\",\"@id\":\"https:\\\/\\\/www.dottorgadget.it\\\/news\\\/onomastico-patrizio-la-festa-san-patrizio\\\/#primaryimage\",\"url\":\"https:\\\/\\\/www.dottorgadget.it\\\/news\\\/wp-content\\\/uploads\\\/2017\\\/03\\\/onomastico-patrizio.jpg\",\"contentUrl\":\"https:\\\/\\\/www.dottorgadget.it\\\/news\\\/wp-content\\\/uploads\\\/2017\\\/03\\\/onomastico-patrizio.jpg\",\"width\":1280,\"height\":1024},{\"@type\":\"BreadcrumbList\",\"@id\":\"https:\\\/\\\/www.dottorgadget.it\\\/news\\\/onomastico-patrizio-la-festa-san-patrizio\\\/#breadcrumb\",\"itemListElement\":[{\"@type\":\"ListItem\",\"position\":1,\"name\":\"Home\",\"item\":\"https:\\\/\\\/www.dottorgadget.it\\\/news\\\/\"},{\"@type\":\"ListItem\",\"position\":2,\"name\":\"Onomastico Patrizio e la festa di San Patrizio\"}]},{\"@type\":\"WebSite\",\"@id\":\"https:\\\/\\\/www.dottorgadget.it\\\/news\\\/#website\",\"url\":\"https:\\\/\\\/www.dottorgadget.it\\\/news\\\/\",\"name\":\"DottorGadget News\",\"description\":\"Gadget innovativi e idee regalo\",\"potentialAction\":[{\"@type\":\"SearchAction\",\"target\":{\"@type\":\"EntryPoint\",\"urlTemplate\":\"https:\\\/\\\/www.dottorgadget.it\\\/news\\\/?s={search_term_string}\"},\"query-input\":{\"@type\":\"PropertyValueSpecification\",\"valueRequired\":true,\"valueName\":\"search_term_string\"}}],\"inLanguage\":\"it-IT\"},{\"@type\":\"Person\",\"@id\":\"https:\\\/\\\/www.dottorgadget.it\\\/news\\\/#\\\/schema\\\/person\\\/303124d03e1dc2ba2213427fbd91c82d\",\"name\":\"Filippo\",\"image\":{\"@type\":\"ImageObject\",\"inLanguage\":\"it-IT\",\"@id\":\"https:\\\/\\\/secure.gravatar.com\\\/avatar\\\/ee736bde69729344a4f0a989a14ac33282698f82a57df2a1d9dea09c2bc8a62d?s=96&d=mm&r=g\",\"url\":\"https:\\\/\\\/secure.gravatar.com\\\/avatar\\\/ee736bde69729344a4f0a989a14ac33282698f82a57df2a1d9dea09c2bc8a62d?s=96&d=mm&r=g\",\"contentUrl\":\"https:\\\/\\\/secure.gravatar.com\\\/avatar\\\/ee736bde69729344a4f0a989a14ac33282698f82a57df2a1d9dea09c2bc8a62d?s=96&d=mm&r=g\",\"caption\":\"Filippo\"},\"description\":\"\u00c8 il pi\u00f9 stretto collaboratore del Dottor Gadget, tant'\u00e8 che viene spesso scambiato per il Grande Capo. Svolge il ruolo di blogger, critico, recensore, addetto alle fotocopie, talent scout dei gadget, segretario di se stesso, consigliere d\u2019amministrazione, consigliere spirituale e tanti altri ruoli che non sa ancora di avere. Nel tempo libero corre, anche se alla fine si ritrova sempre al punto di partenza.\"}]}<\/script>\n<!-- \/ Yoast SEO plugin. -->","yoast_head_json":{"title":"Onomastico Patrizio e la festa di San Patrizio","robots":{"index":"index","follow":"follow","max-snippet":"max-snippet:-1","max-image-preview":"max-image-preview:large","max-video-preview":"max-video-preview:-1"},"canonical":"https:\/\/www.dottorgadget.it\/news\/onomastico-patrizio-la-festa-san-patrizio\/","og_locale":"it_IT","og_type":"article","og_title":"Onomastico Patrizio e la festa di San Patrizio","og_description":"Ci sono onomastici che non si possono dimenticare; sono quelli associati a delle feste molto sentite e che vengono festeggiati alla grande. Un esempio perfetto \u00e8 San Patrizio, santo che viene festeggiato il 17 Marzo e che rende indimenticabile l&#8217;onomastico di tutti i Patrizio. La festa non fa parte delle festivit\u00e0 del nostro calendario, dopotutto parliamo del santo patrono d&#8217;Irlanda, quindi non avrebbe molto senso festeggiare una festa di altri paesi. Almeno non in via ufficiale. Gli unici paesi dove la festa di San Patrizio \u00e8 davvero sentita \u2013 Irlanda a parte \u2013 sono gi Stati Uniti e l&#8217;Australia, paesi dove emigrarono tantissimi irlandesi, i quali hanno mantenuto in vita le loro vecchie tradizioni. Con il tempo per\u00f2 il 17 Marzo \u00e8 diventata un&#8217;occasione di festa anche in tutto il resto del mondo, anche se San Patrizio ha poco a che fare con questa diffusione (a prescindere dall&#8217;onomastico Patrizio). Se qui in Italia festeggiamo non certo per una qualche devozione al santo, bens\u00ec per una scusa per uscire con gli amici e tracannare litri di birra. Difatti la tradizione vuole che sia proprio la birra la protagonista della festa, cosa non certo sorprendente visto che si tratta della bevanda nazionale [&hellip;]","og_url":"https:\/\/www.dottorgadget.it\/news\/onomastico-patrizio-la-festa-san-patrizio\/","og_site_name":"DottorGadget News","article_published_time":"2017-03-05T16:55:52+00:00","article_modified_time":"2019-04-15T00:09:59+00:00","og_image":[{"width":1280,"height":1024,"url":"https:\/\/www.dottorgadget.it\/news\/wp-content\/uploads\/2017\/03\/onomastico-patrizio.jpg","type":"image\/jpeg"}],"author":"Filippo","twitter_card":"summary_large_image","twitter_misc":{"Scritto da":"Filippo","Tempo di lettura stimato":"2 minuti"},"schema":{"@context":"https:\/\/schema.org","@graph":[{"@type":"Article","@id":"https:\/\/www.dottorgadget.it\/news\/onomastico-patrizio-la-festa-san-patrizio\/#article","isPartOf":{"@id":"https:\/\/www.dottorgadget.it\/news\/onomastico-patrizio-la-festa-san-patrizio\/"},"author":{"name":"Filippo","@id":"https:\/\/www.dottorgadget.it\/news\/#\/schema\/person\/303124d03e1dc2ba2213427fbd91c82d"},"headline":"Onomastico Patrizio e la festa di San Patrizio","datePublished":"2017-03-05T16:55:52+00:00","dateModified":"2019-04-15T00:09:59+00:00","mainEntityOfPage":{"@id":"https:\/\/www.dottorgadget.it\/news\/onomastico-patrizio-la-festa-san-patrizio\/"},"wordCount":511,"commentCount":0,"image":{"@id":"https:\/\/www.dottorgadget.it\/news\/onomastico-patrizio-la-festa-san-patrizio\/#primaryimage"},"thumbnailUrl":"https:\/\/www.dottorgadget.it\/news\/wp-content\/uploads\/2017\/03\/onomastico-patrizio.jpg","articleSection":["Feste","Regali"],"inLanguage":"it-IT","potentialAction":[{"@type":"CommentAction","name":"Comment","target":["https:\/\/www.dottorgadget.it\/news\/onomastico-patrizio-la-festa-san-patrizio\/#respond"]}]},{"@type":"WebPage","@id":"https:\/\/www.dottorgadget.it\/news\/onomastico-patrizio-la-festa-san-patrizio\/","url":"https:\/\/www.dottorgadget.it\/news\/onomastico-patrizio-la-festa-san-patrizio\/","name":"Onomastico Patrizio e la festa di San Patrizio","isPartOf":{"@id":"https:\/\/www.dottorgadget.it\/news\/#website"},"primaryImageOfPage":{"@id":"https:\/\/www.dottorgadget.it\/news\/onomastico-patrizio-la-festa-san-patrizio\/#primaryimage"},"image":{"@id":"https:\/\/www.dottorgadget.it\/news\/onomastico-patrizio-la-festa-san-patrizio\/#primaryimage"},"thumbnailUrl":"https:\/\/www.dottorgadget.it\/news\/wp-content\/uploads\/2017\/03\/onomastico-patrizio.jpg","datePublished":"2017-03-05T16:55:52+00:00","dateModified":"2019-04-15T00:09:59+00:00","author":{"@id":"https:\/\/www.dottorgadget.it\/news\/#\/schema\/person\/303124d03e1dc2ba2213427fbd91c82d"},"breadcrumb":{"@id":"https:\/\/www.dottorgadget.it\/news\/onomastico-patrizio-la-festa-san-patrizio\/#breadcrumb"},"inLanguage":"it-IT","potentialAction":[{"@type":"ReadAction","target":["https:\/\/www.dottorgadget.it\/news\/onomastico-patrizio-la-festa-san-patrizio\/"]}]},{"@type":"ImageObject","inLanguage":"it-IT","@id":"https:\/\/www.dottorgadget.it\/news\/onomastico-patrizio-la-festa-san-patrizio\/#primaryimage","url":"https:\/\/www.dottorgadget.it\/news\/wp-content\/uploads\/2017\/03\/onomastico-patrizio.jpg","contentUrl":"https:\/\/www.dottorgadget.it\/news\/wp-content\/uploads\/2017\/03\/onomastico-patrizio.jpg","width":1280,"height":1024},{"@type":"BreadcrumbList","@id":"https:\/\/www.dottorgadget.it\/news\/onomastico-patrizio-la-festa-san-patrizio\/#breadcrumb","itemListElement":[{"@type":"ListItem","position":1,"name":"Home","item":"https:\/\/www.dottorgadget.it\/news\/"},{"@type":"ListItem","position":2,"name":"Onomastico Patrizio e la festa di San Patrizio"}]},{"@type":"WebSite","@id":"https:\/\/www.dottorgadget.it\/news\/#website","url":"https:\/\/www.dottorgadget.it\/news\/","name":"DottorGadget News","description":"Gadget innovativi e idee regalo","potentialAction":[{"@type":"SearchAction","target":{"@type":"EntryPoint","urlTemplate":"https:\/\/www.dottorgadget.it\/news\/?s={search_term_string}"},"query-input":{"@type":"PropertyValueSpecification","valueRequired":true,"valueName":"search_term_string"}}],"inLanguage":"it-IT"},{"@type":"Person","@id":"https:\/\/www.dottorgadget.it\/news\/#\/schema\/person\/303124d03e1dc2ba2213427fbd91c82d","name":"Filippo","image":{"@type":"ImageObject","inLanguage":"it-IT","@id":"https:\/\/secure.gravatar.com\/avatar\/ee736bde69729344a4f0a989a14ac33282698f82a57df2a1d9dea09c2bc8a62d?s=96&d=mm&r=g","url":"https:\/\/secure.gravatar.com\/avatar\/ee736bde69729344a4f0a989a14ac33282698f82a57df2a1d9dea09c2bc8a62d?s=96&d=mm&r=g","contentUrl":"https:\/\/secure.gravatar.com\/avatar\/ee736bde69729344a4f0a989a14ac33282698f82a57df2a1d9dea09c2bc8a62d?s=96&d=mm&r=g","caption":"Filippo"},"description":"\u00c8 il pi\u00f9 stretto collaboratore del Dottor Gadget, tant'\u00e8 che viene spesso scambiato per il Grande Capo. Svolge il ruolo di blogger, critico, recensore, addetto alle fotocopie, talent scout dei gadget, segretario di se stesso, consigliere d\u2019amministrazione, consigliere spirituale e tanti altri ruoli che non sa ancora di avere. Nel tempo libero corre, anche se alla fine si ritrova sempre al punto di partenza."}]}},"_links":{"self":[{"href":"https:\/\/www.dottorgadget.it\/news\/wp-json\/wp\/v2\/posts\/214","targetHints":{"allow":["GET"]}}],"collection":[{"href":"https:\/\/www.dottorgadget.it\/news\/wp-json\/wp\/v2\/posts"}],"about":[{"href":"https:\/\/www.dottorgadget.it\/news\/wp-json\/wp\/v2\/types\/post"}],"author":[{"embeddable":true,"href":"https:\/\/www.dottorgadget.it\/news\/wp-json\/wp\/v2\/users\/3"}],"replies":[{"embeddable":true,"href":"https:\/\/www.dottorgadget.it\/news\/wp-json\/wp\/v2\/comments?post=214"}],"version-history":[{"count":0,"href":"https:\/\/www.dottorgadget.it\/news\/wp-json\/wp\/v2\/posts\/214\/revisions"}],"wp:featuredmedia":[{"embeddable":true,"href":"https:\/\/www.dottorgadget.it\/news\/wp-json\/wp\/v2\/media\/216"}],"wp:attachment":[{"href":"https:\/\/www.dottorgadget.it\/news\/wp-json\/wp\/v2\/media?parent=214"}],"wp:term":[{"taxonomy":"category","embeddable":true,"href":"https:\/\/www.dottorgadget.it\/news\/wp-json\/wp\/v2\/categories?post=214"},{"taxonomy":"post_tag","embeddable":true,"href":"https:\/\/www.dottorgadget.it\/news\/wp-json\/wp\/v2\/tags?post=214"}],"curies":[{"name":"wp","href":"https:\/\/api.w.org\/{rel}","templated":true}]}}