{"id":11833,"date":"2024-03-04T21:09:52","date_gmt":"2024-03-04T20:09:52","guid":{"rendered":"https:\/\/www.dottorgadget.it\/news\/?p=11833"},"modified":"2024-03-05T01:13:10","modified_gmt":"2024-03-05T00:13:10","slug":"quando-e-la-festa-del-papa","status":"publish","type":"post","link":"https:\/\/www.dottorgadget.it\/news\/quando-e-la-festa-del-papa\/","title":{"rendered":"Quando \u00e8 la Festa del Pap\u00e0?"},"content":{"rendered":"<h2>La Festa del Pap\u00e0, quando e perch\u00e9 si festeggia<\/h2>\n<p>Tutti o quasi sanno <strong>quando \u00e8 la Festa del Pap\u00e0<\/strong>, un giorno importante che abbiamo imparato a memorizzare fin da bambini. Anni in cui a scuola l&#8217;arrivo della festa ci vedeva impegnati nella preparazione di <strong><a href=\"https:\/\/www.dottorgadget.it\/news\/lavoretti-festa-del-papa\/\">lavoretti da regalare al nostro amato pap\u00e0<\/a><\/strong>.<br \/>\nForse \u00e8 per questo che quasi tutti sanno che la Festa del Pap\u00e0 \u00e8 il 19 marzo, anche se c&#8217;\u00e8 il grosso aiuto di avere un giorno fisso che rende la data facile da memorizzare. Cosa che non accade con il <a href=\"https:\/\/www.dottorgadget.it\/news\/quando-e-la-festa-della-mamma\/\"><strong>giorno dedicato alle mamme<\/strong><\/a> che si celebra la seconda domenica di maggio. C&#8217;\u00e8 la comodit\u00e0 di avere la festa sempre di domenica, ma senza una data fissa \u00e8 pi\u00f9 difficile sapere sempre il giorno esatto.<br \/>\nDopo essere andati alla scoperta di qualche curiosit\u00e0 sulla Festa della Mamma andiamo a fare lo stesso per la Festa del Pap\u00e0. Oltre all&#8217;ormai ovvia risposta alla domanda quando \u00e8 la Festa del Pap\u00e0, scopriamo perch\u00e9 e come si festeggia, cosa si pu\u00f2 regalare e altre cose molto interessanti.<\/p>\n<h2>Perch\u00e9 si festeggia la Festa del Pap\u00e0<\/h2>\n<p><img decoding=\"async\" class=\"alignnone size-full wp-image-11839\" src=\"https:\/\/www.dottorgadget.it\/news\/wp-content\/uploads\/2024\/03\/quando-e-festa-papa-2.png\" alt=\"quando \u00e8 la festa del pap\u00e0\" width=\"1280\" height=\"853\" srcset=\"https:\/\/www.dottorgadget.it\/news\/wp-content\/uploads\/2024\/03\/quando-e-festa-papa-2.png 1280w, https:\/\/www.dottorgadget.it\/news\/wp-content\/uploads\/2024\/03\/quando-e-festa-papa-2-760x506.png 760w, https:\/\/www.dottorgadget.it\/news\/wp-content\/uploads\/2024\/03\/quando-e-festa-papa-2-360x240.png 360w, https:\/\/www.dottorgadget.it\/news\/wp-content\/uploads\/2024\/03\/quando-e-festa-papa-2-768x512.png 768w, https:\/\/www.dottorgadget.it\/news\/wp-content\/uploads\/2024\/03\/quando-e-festa-papa-2-1080x720.png 1080w\" sizes=\"(max-width: 1280px) 100vw, 1280px\" \/><br \/>\nFesteggiare il proprio pap\u00e0 \u00e8 una cosa del tutto logica e naturale. Il motivo per cui esiste questa festa invece \u00e8 meno scontato e pu\u00f2 essere pi\u00f9 interessante scoprire come \u00e8 nata questa ricorrenza e perch\u00e9 si festeggia la Festa del Pap\u00e0.<br \/>\nOggi la festa celebra la figura del padre e della paternit\u00e0 ma la sua nascita \u00e8 decisamente antica. Difatti le prime tracce storiche della Festa del Pap\u00e0 risalgono addirittura al Medioevo e gi\u00e0 in quell&#8217;epoca era celebrata il 19 marzo.<br \/>\nLa scelta del giorno non \u00e8 casuale perch\u00e9 <strong>il 19 marzo \u00e8 San Giuseppe<\/strong>, il giorno che ricorda proprio il padre di Ges\u00f9 (padre putativo, per precisione).<\/p>\n<p>La particolarit\u00e0 \u00e8 che la festa non riesce a resistere allo scorrere del tempo e per molti secoli sembra quasi scomparire dalle celebrazioni. Tra i motivi pu\u00f2 esserci l&#8217;antica disaffezione per la figura di Giuseppe che godeva di molta meno popolarit\u00e0 rispetto ad oggi. C&#8217;\u00e8 voluto molto tempo prima che la Chiesa riconoscesse a Giuseppe la figura di padre putativo, andando oltre ai primi riferimenti che lo vedevano solo come lo sposo di Maria.<br \/>\nIl culto vero e proprio della figura associata alla Festa del Pap\u00e0 si sviluppa solo tra i secoli XIV e XV. Nel 1871 la Chiesa cattolica ha proclamato San Giuseppe protettore dei padri di famiglia e patrono della Chiesa universale.<\/p>\n<h2>Quando \u00e8 la Festa del Pap\u00e0 nel mondo<\/h2>\n<p>La<strong> Festa del Pap\u00e0<\/strong> si celebra il 19 marzo in Italia e anche in altri paesi come Spagna o Portogallo ma non \u00e8 una data che accomuna tutto il mondo.<br \/>\nFin dall&#8217;antichit\u00e0 ci sono celebrazioni che hanno trovato un altro posto sul calendario. Ad esempio, nel V secolo in alcuni monasteri egiziani la festa fu fissata il 20 luglio, data che possiamo ancora trovare nel calendario copto.<br \/>\nLa data che va per la maggiore \u00e8 quella dei <strong>paesi che festeggiano la Festa del Pap\u00e0 la terza domenica di Giugno<\/strong>. Tra questi paesi troviamo gli Stati Uniti, il Canada, la Francia, il Regno Unito, la Cina, l&#8217;India, l&#8217;Argentina e molti altri paesi.<br \/>\nMolti paesi per\u00f2 hanno scelto la data in modo del tutto autonomo, sempre slegandola dalle motivazioni religiose del 19 marzo.<br \/>\nQuesto fa s\u00ec che la Festa del Pap\u00e0 sia molto frammentata durante tutto l&#8217;anno e si va dal 6 gennaio della Serbia al 26 dicembre dalla Bulgaria.<\/p>\n<h2>Come festeggiare la Festa del Pap\u00e0<\/h2>\n<p><img decoding=\"async\" class=\"alignnone size-full wp-image-11840\" src=\"https:\/\/www.dottorgadget.it\/news\/wp-content\/uploads\/2024\/03\/quando-e-festa-papa-3.png\" alt=\"cosa fare la festa del pap\u00e0 \" width=\"1280\" height=\"853\" srcset=\"https:\/\/www.dottorgadget.it\/news\/wp-content\/uploads\/2024\/03\/quando-e-festa-papa-3.png 1280w, https:\/\/www.dottorgadget.it\/news\/wp-content\/uploads\/2024\/03\/quando-e-festa-papa-3-760x506.png 760w, https:\/\/www.dottorgadget.it\/news\/wp-content\/uploads\/2024\/03\/quando-e-festa-papa-3-360x240.png 360w, https:\/\/www.dottorgadget.it\/news\/wp-content\/uploads\/2024\/03\/quando-e-festa-papa-3-768x512.png 768w, https:\/\/www.dottorgadget.it\/news\/wp-content\/uploads\/2024\/03\/quando-e-festa-papa-3-1080x720.png 1080w\" sizes=\"(max-width: 1280px) 100vw, 1280px\" \/><br \/>\nIl 19 marzo non ci sono tante tradizioni su <strong>come festeggiare la Festa del Pap\u00e0<\/strong>. Si tratta soprattutto di una festa famigliare, quindi se ci sono delle tradizioni consolidate \u00e8 facile che siano pi\u00f9 legate alle proprie abitudini.<br \/>\nIn ogni caso ecco alcuni consigli su come festeggiare la Festa del Pap\u00e0:<\/p>\n<p><strong>Cena in famiglia<\/strong>: Con una bella cena in famiglia non si sbaglia mai e si celebra la Festa del Pap\u00e0 nel modo migliore di tutti. Insieme ai propri cari.<\/p>\n<p><strong>Gita fuori porta<\/strong>: Qui pu\u00f2 esserci il limite del tempo, ma quando la festa cade nel weekend pu\u00f2 essere pi\u00f9 semplice organizzarsi. Quando invece, come quest&#8217;anno, la festa \u00e8 in settimana, la gita potete sempre rimandarla al weekend.<\/p>\n<p><strong>Guardare un film o una partita<\/strong>: Il film o la partita \u00e8 solo un&#8217;idea ma il consiglio pu\u00f2 essere allargato ad altre attivit\u00e0 in base ai gusti o a come volete passare del tempo insieme a vostro pap\u00e0.<\/p>\n<p><strong>Andare a un evento culturale<\/strong>: il teatro \u00e8 sempre un bel modo di passare una serata ma potete anche andare a una mostra o qualche evento di interesse.<\/p>\n<p><strong>Fare un regalo<\/strong>: questo pu\u00f2 essere un di pi\u00f9 oltre agli altri punti. Se da bambini facevamo i lavoretti ora potrebbe bastare un regalino. Pu\u00f2 bastare qualcosa di piccolo ma che simboleggi il vostro affetto.<\/p>\n<p><strong>Preparate un dolce<\/strong>: ci pu\u00f2 essere una festa senza un bel dolce ad accompagnarla? Ovviamente no e anche la Festa del Pap\u00e0 ha alcuni dolci molto gustosi e tradizionali.<\/p>\n<h2>I dolci per la Festa del Pap\u00e0<\/h2>\n<p><img decoding=\"async\" class=\"alignnone wp-image-11837 size-full\" src=\"https:\/\/www.dottorgadget.it\/news\/wp-content\/uploads\/2024\/03\/dolci-per-san-giuseppe.png\" alt=\"dolci per san giuseppe la festa del pap\u00e0 \" width=\"1280\" height=\"853\" srcset=\"https:\/\/www.dottorgadget.it\/news\/wp-content\/uploads\/2024\/03\/dolci-per-san-giuseppe.png 1280w, https:\/\/www.dottorgadget.it\/news\/wp-content\/uploads\/2024\/03\/dolci-per-san-giuseppe-760x506.png 760w, https:\/\/www.dottorgadget.it\/news\/wp-content\/uploads\/2024\/03\/dolci-per-san-giuseppe-360x240.png 360w, https:\/\/www.dottorgadget.it\/news\/wp-content\/uploads\/2024\/03\/dolci-per-san-giuseppe-768x512.png 768w, https:\/\/www.dottorgadget.it\/news\/wp-content\/uploads\/2024\/03\/dolci-per-san-giuseppe-1080x720.png 1080w\" sizes=\"(max-width: 1280px) 100vw, 1280px\" \/><br \/>\nDato che tra i modi per festeggiare la Festa del Pap\u00e0 vi abbiamo consigliato di preparare dei dolci dedichiamo un piccolo spazio ai dolci tipici per San Giuseppe.<br \/>\nQuesta festa non ha dei dolci che accomunano tutto il paese, ma come spesso accade ogni zona ha le sue tradizioni e le sue preparazioni.<br \/>\nQui sotto vi elenchiamo solo alcuni dei dolci tipici per San Giuseppe che per\u00f2 sono solo quelli conosciuti dal sottoscritto, l&#8217;autore dell&#8217;articolo. Se per\u00f2 voi ne conoscete degli altri non esitate a contattarci, cos\u00ec renderemo questa lista ancora pi\u00f9 golosa e completa.<\/p>\n<p><strong>Zeppole di San Giuseppe<\/strong>: dolci tipici napoletani, sono frittelle farcite con crema e marmellata di amarene.<\/p>\n<p><strong>Bign\u00e8 di San Giuseppe<\/strong>: dolci tipici di Roma, sono dei gustosi bign\u00e8 fritti riempiti con crema pasticciera.<\/p>\n<p><strong>Frittelle di riso<\/strong>: dolci tipici della Toscana e dell&#8217;Umbria e sono frittelle a base di riso cotto nel latte e aromatizzato con spezie e liquore.<\/p>\n<p><strong>Raviola<\/strong>: dolce tipico dell&#8217;Emilia Romagna, \u00e8 un dolce di pastafrolla ripieno di marmellata o crema.<\/p>\n<p><strong>Zeppole di riso<\/strong>: tipiche della Sicilia sono base di riso e miele, aromatizzate con la buccia e il succo di arancia.<\/p>\n<p><strong>Sfince di San Giuseppe<\/strong>: altro dolce siciliano, sono frittelle ariose e morbide ricoperte con crema di ricotta, gocce di cioccolato, pistacchi tritati, ciliegie e scorze d&#8217;arancia candite.<\/p>\n","protected":false},"excerpt":{"rendered":"<p>La Festa del Pap\u00e0, quando e perch\u00e9 si festeggia Tutti o quasi sanno quando \u00e8 la Festa del Pap\u00e0, un giorno importante che abbiamo imparato a memorizzare fin da bambini. Anni in cui a scuola l&#8217;arrivo della festa ci vedeva impegnati nella preparazione di lavoretti da regalare al nostro amato pap\u00e0. Forse \u00e8 per questo che quasi tutti sanno che la Festa del Pap\u00e0 \u00e8 il 19 marzo, anche se c&#8217;\u00e8 il grosso aiuto di avere un giorno fisso che rende la data facile da memorizzare. Cosa che non accade con il giorno dedicato alle mamme che si celebra la seconda domenica di maggio. C&#8217;\u00e8 la comodit\u00e0 di avere la festa sempre di domenica, ma senza una data fissa \u00e8 pi\u00f9 difficile sapere sempre il giorno esatto. Dopo essere andati alla scoperta di qualche curiosit\u00e0 sulla Festa della Mamma andiamo a fare lo stesso per la Festa del Pap\u00e0. Oltre all&#8217;ormai ovvia risposta alla domanda quando \u00e8 la Festa del Pap\u00e0, scopriamo perch\u00e9 e come si festeggia, cosa si pu\u00f2 regalare e altre cose molto interessanti. Perch\u00e9 si festeggia la Festa del Pap\u00e0 Festeggiare il proprio pap\u00e0 \u00e8 una cosa del tutto logica e naturale. Il motivo per cui esiste [&hellip;]<\/p>\n","protected":false},"author":3,"featured_media":11838,"comment_status":"open","ping_status":"open","sticky":false,"template":"","format":"standard","meta":{"_acf_changed":false,"footnotes":""},"categories":[35],"tags":[],"class_list":["post-11833","post","type-post","status-publish","format-standard","has-post-thumbnail","hentry","category-feste"],"acf":[],"yoast_head":"<!-- This site is optimized with the Yoast SEO plugin v28.3 - https:\/\/yoast.com\/product\/yoast-seo-wordpress\/ -->\n<title>Quando \u00e8 la Festa del Pap\u00e0?<\/title>\n<meta name=\"description\" content=\"Un articolo tutto dedicato ai pap\u00e0, da quando \u00e8 la Festa del Pap\u00e0 a tanti consigli e curiosit\u00e0 su come festeggiare il 19 marzo.\" \/>\n<meta name=\"robots\" content=\"index, follow, max-snippet:-1, max-image-preview:large, max-video-preview:-1\" \/>\n<link rel=\"canonical\" href=\"https:\/\/www.dottorgadget.it\/news\/quando-e-la-festa-del-papa\/\" \/>\n<meta property=\"og:locale\" content=\"it_IT\" \/>\n<meta property=\"og:type\" content=\"article\" \/>\n<meta property=\"og:title\" content=\"Quando \u00e8 la Festa del Pap\u00e0?\" \/>\n<meta property=\"og:description\" content=\"Un articolo tutto dedicato ai pap\u00e0, da quando \u00e8 la Festa del Pap\u00e0 a tanti consigli e curiosit\u00e0 su come festeggiare il 19 marzo.\" \/>\n<meta property=\"og:url\" content=\"https:\/\/www.dottorgadget.it\/news\/quando-e-la-festa-del-papa\/\" \/>\n<meta property=\"og:site_name\" content=\"DottorGadget News\" \/>\n<meta property=\"article:published_time\" content=\"2024-03-04T20:09:52+00:00\" \/>\n<meta property=\"article:modified_time\" content=\"2024-03-05T00:13:10+00:00\" \/>\n<meta property=\"og:image\" content=\"https:\/\/www.dottorgadget.it\/news\/wp-content\/uploads\/2024\/03\/quando-e-festa-papa.png\" \/>\n\t<meta property=\"og:image:width\" content=\"1280\" \/>\n\t<meta property=\"og:image:height\" content=\"853\" \/>\n\t<meta property=\"og:image:type\" content=\"image\/png\" \/>\n<meta name=\"author\" content=\"Filippo\" \/>\n<meta name=\"twitter:card\" content=\"summary_large_image\" \/>\n<meta name=\"twitter:label1\" content=\"Scritto da\" \/>\n\t<meta name=\"twitter:data1\" content=\"Filippo\" \/>\n\t<meta name=\"twitter:label2\" content=\"Tempo di lettura stimato\" \/>\n\t<meta name=\"twitter:data2\" content=\"7 minuti\" \/>\n<script type=\"application\/ld+json\" class=\"yoast-schema-graph\">{\"@context\":\"https:\\\/\\\/schema.org\",\"@graph\":[{\"@type\":\"Article\",\"@id\":\"https:\\\/\\\/www.dottorgadget.it\\\/news\\\/quando-e-la-festa-del-papa\\\/#article\",\"isPartOf\":{\"@id\":\"https:\\\/\\\/www.dottorgadget.it\\\/news\\\/quando-e-la-festa-del-papa\\\/\"},\"author\":{\"name\":\"Filippo\",\"@id\":\"https:\\\/\\\/www.dottorgadget.it\\\/news\\\/#\\\/schema\\\/person\\\/303124d03e1dc2ba2213427fbd91c82d\"},\"headline\":\"Quando \u00e8 la Festa del Pap\u00e0?\",\"datePublished\":\"2024-03-04T20:09:52+00:00\",\"dateModified\":\"2024-03-05T00:13:10+00:00\",\"mainEntityOfPage\":{\"@id\":\"https:\\\/\\\/www.dottorgadget.it\\\/news\\\/quando-e-la-festa-del-papa\\\/\"},\"wordCount\":1039,\"commentCount\":0,\"image\":{\"@id\":\"https:\\\/\\\/www.dottorgadget.it\\\/news\\\/quando-e-la-festa-del-papa\\\/#primaryimage\"},\"thumbnailUrl\":\"https:\\\/\\\/www.dottorgadget.it\\\/news\\\/wp-content\\\/uploads\\\/2024\\\/03\\\/quando-e-festa-papa.png\",\"articleSection\":[\"Feste\"],\"inLanguage\":\"it-IT\",\"potentialAction\":[{\"@type\":\"CommentAction\",\"name\":\"Comment\",\"target\":[\"https:\\\/\\\/www.dottorgadget.it\\\/news\\\/quando-e-la-festa-del-papa\\\/#respond\"]}]},{\"@type\":\"WebPage\",\"@id\":\"https:\\\/\\\/www.dottorgadget.it\\\/news\\\/quando-e-la-festa-del-papa\\\/\",\"url\":\"https:\\\/\\\/www.dottorgadget.it\\\/news\\\/quando-e-la-festa-del-papa\\\/\",\"name\":\"Quando \u00e8 la Festa del Pap\u00e0?\",\"isPartOf\":{\"@id\":\"https:\\\/\\\/www.dottorgadget.it\\\/news\\\/#website\"},\"primaryImageOfPage\":{\"@id\":\"https:\\\/\\\/www.dottorgadget.it\\\/news\\\/quando-e-la-festa-del-papa\\\/#primaryimage\"},\"image\":{\"@id\":\"https:\\\/\\\/www.dottorgadget.it\\\/news\\\/quando-e-la-festa-del-papa\\\/#primaryimage\"},\"thumbnailUrl\":\"https:\\\/\\\/www.dottorgadget.it\\\/news\\\/wp-content\\\/uploads\\\/2024\\\/03\\\/quando-e-festa-papa.png\",\"datePublished\":\"2024-03-04T20:09:52+00:00\",\"dateModified\":\"2024-03-05T00:13:10+00:00\",\"author\":{\"@id\":\"https:\\\/\\\/www.dottorgadget.it\\\/news\\\/#\\\/schema\\\/person\\\/303124d03e1dc2ba2213427fbd91c82d\"},\"description\":\"Un articolo tutto dedicato ai pap\u00e0, da quando \u00e8 la Festa del Pap\u00e0 a tanti consigli e curiosit\u00e0 su come festeggiare il 19 marzo.\",\"breadcrumb\":{\"@id\":\"https:\\\/\\\/www.dottorgadget.it\\\/news\\\/quando-e-la-festa-del-papa\\\/#breadcrumb\"},\"inLanguage\":\"it-IT\",\"potentialAction\":[{\"@type\":\"ReadAction\",\"target\":[\"https:\\\/\\\/www.dottorgadget.it\\\/news\\\/quando-e-la-festa-del-papa\\\/\"]}]},{\"@type\":\"ImageObject\",\"inLanguage\":\"it-IT\",\"@id\":\"https:\\\/\\\/www.dottorgadget.it\\\/news\\\/quando-e-la-festa-del-papa\\\/#primaryimage\",\"url\":\"https:\\\/\\\/www.dottorgadget.it\\\/news\\\/wp-content\\\/uploads\\\/2024\\\/03\\\/quando-e-festa-papa.png\",\"contentUrl\":\"https:\\\/\\\/www.dottorgadget.it\\\/news\\\/wp-content\\\/uploads\\\/2024\\\/03\\\/quando-e-festa-papa.png\",\"width\":1280,\"height\":853,\"caption\":\"quand'\u00e8 la festa del pap\u00e0\"},{\"@type\":\"BreadcrumbList\",\"@id\":\"https:\\\/\\\/www.dottorgadget.it\\\/news\\\/quando-e-la-festa-del-papa\\\/#breadcrumb\",\"itemListElement\":[{\"@type\":\"ListItem\",\"position\":1,\"name\":\"Home\",\"item\":\"https:\\\/\\\/www.dottorgadget.it\\\/news\\\/\"},{\"@type\":\"ListItem\",\"position\":2,\"name\":\"Quando \u00e8 la Festa del Pap\u00e0?\"}]},{\"@type\":\"WebSite\",\"@id\":\"https:\\\/\\\/www.dottorgadget.it\\\/news\\\/#website\",\"url\":\"https:\\\/\\\/www.dottorgadget.it\\\/news\\\/\",\"name\":\"DottorGadget News\",\"description\":\"Gadget innovativi e idee regalo\",\"potentialAction\":[{\"@type\":\"SearchAction\",\"target\":{\"@type\":\"EntryPoint\",\"urlTemplate\":\"https:\\\/\\\/www.dottorgadget.it\\\/news\\\/?s={search_term_string}\"},\"query-input\":{\"@type\":\"PropertyValueSpecification\",\"valueRequired\":true,\"valueName\":\"search_term_string\"}}],\"inLanguage\":\"it-IT\"},{\"@type\":\"Person\",\"@id\":\"https:\\\/\\\/www.dottorgadget.it\\\/news\\\/#\\\/schema\\\/person\\\/303124d03e1dc2ba2213427fbd91c82d\",\"name\":\"Filippo\",\"image\":{\"@type\":\"ImageObject\",\"inLanguage\":\"it-IT\",\"@id\":\"https:\\\/\\\/secure.gravatar.com\\\/avatar\\\/ee736bde69729344a4f0a989a14ac33282698f82a57df2a1d9dea09c2bc8a62d?s=96&d=mm&r=g\",\"url\":\"https:\\\/\\\/secure.gravatar.com\\\/avatar\\\/ee736bde69729344a4f0a989a14ac33282698f82a57df2a1d9dea09c2bc8a62d?s=96&d=mm&r=g\",\"contentUrl\":\"https:\\\/\\\/secure.gravatar.com\\\/avatar\\\/ee736bde69729344a4f0a989a14ac33282698f82a57df2a1d9dea09c2bc8a62d?s=96&d=mm&r=g\",\"caption\":\"Filippo\"},\"description\":\"\u00c8 il pi\u00f9 stretto collaboratore del Dottor Gadget, tant'\u00e8 che viene spesso scambiato per il Grande Capo. Svolge il ruolo di blogger, critico, recensore, addetto alle fotocopie, talent scout dei gadget, segretario di se stesso, consigliere d\u2019amministrazione, consigliere spirituale e tanti altri ruoli che non sa ancora di avere. Nel tempo libero corre, anche se alla fine si ritrova sempre al punto di partenza.\"}]}<\/script>\n<!-- \/ Yoast SEO plugin. -->","yoast_head_json":{"title":"Quando \u00e8 la Festa del Pap\u00e0?","description":"Un articolo tutto dedicato ai pap\u00e0, da quando \u00e8 la Festa del Pap\u00e0 a tanti consigli e curiosit\u00e0 su come festeggiare il 19 marzo.","robots":{"index":"index","follow":"follow","max-snippet":"max-snippet:-1","max-image-preview":"max-image-preview:large","max-video-preview":"max-video-preview:-1"},"canonical":"https:\/\/www.dottorgadget.it\/news\/quando-e-la-festa-del-papa\/","og_locale":"it_IT","og_type":"article","og_title":"Quando \u00e8 la Festa del Pap\u00e0?","og_description":"Un articolo tutto dedicato ai pap\u00e0, da quando \u00e8 la Festa del Pap\u00e0 a tanti consigli e curiosit\u00e0 su come festeggiare il 19 marzo.","og_url":"https:\/\/www.dottorgadget.it\/news\/quando-e-la-festa-del-papa\/","og_site_name":"DottorGadget News","article_published_time":"2024-03-04T20:09:52+00:00","article_modified_time":"2024-03-05T00:13:10+00:00","og_image":[{"width":1280,"height":853,"url":"https:\/\/www.dottorgadget.it\/news\/wp-content\/uploads\/2024\/03\/quando-e-festa-papa.png","type":"image\/png"}],"author":"Filippo","twitter_card":"summary_large_image","twitter_misc":{"Scritto da":"Filippo","Tempo di lettura stimato":"7 minuti"},"schema":{"@context":"https:\/\/schema.org","@graph":[{"@type":"Article","@id":"https:\/\/www.dottorgadget.it\/news\/quando-e-la-festa-del-papa\/#article","isPartOf":{"@id":"https:\/\/www.dottorgadget.it\/news\/quando-e-la-festa-del-papa\/"},"author":{"name":"Filippo","@id":"https:\/\/www.dottorgadget.it\/news\/#\/schema\/person\/303124d03e1dc2ba2213427fbd91c82d"},"headline":"Quando \u00e8 la Festa del Pap\u00e0?","datePublished":"2024-03-04T20:09:52+00:00","dateModified":"2024-03-05T00:13:10+00:00","mainEntityOfPage":{"@id":"https:\/\/www.dottorgadget.it\/news\/quando-e-la-festa-del-papa\/"},"wordCount":1039,"commentCount":0,"image":{"@id":"https:\/\/www.dottorgadget.it\/news\/quando-e-la-festa-del-papa\/#primaryimage"},"thumbnailUrl":"https:\/\/www.dottorgadget.it\/news\/wp-content\/uploads\/2024\/03\/quando-e-festa-papa.png","articleSection":["Feste"],"inLanguage":"it-IT","potentialAction":[{"@type":"CommentAction","name":"Comment","target":["https:\/\/www.dottorgadget.it\/news\/quando-e-la-festa-del-papa\/#respond"]}]},{"@type":"WebPage","@id":"https:\/\/www.dottorgadget.it\/news\/quando-e-la-festa-del-papa\/","url":"https:\/\/www.dottorgadget.it\/news\/quando-e-la-festa-del-papa\/","name":"Quando \u00e8 la Festa del Pap\u00e0?","isPartOf":{"@id":"https:\/\/www.dottorgadget.it\/news\/#website"},"primaryImageOfPage":{"@id":"https:\/\/www.dottorgadget.it\/news\/quando-e-la-festa-del-papa\/#primaryimage"},"image":{"@id":"https:\/\/www.dottorgadget.it\/news\/quando-e-la-festa-del-papa\/#primaryimage"},"thumbnailUrl":"https:\/\/www.dottorgadget.it\/news\/wp-content\/uploads\/2024\/03\/quando-e-festa-papa.png","datePublished":"2024-03-04T20:09:52+00:00","dateModified":"2024-03-05T00:13:10+00:00","author":{"@id":"https:\/\/www.dottorgadget.it\/news\/#\/schema\/person\/303124d03e1dc2ba2213427fbd91c82d"},"description":"Un articolo tutto dedicato ai pap\u00e0, da quando \u00e8 la Festa del Pap\u00e0 a tanti consigli e curiosit\u00e0 su come festeggiare il 19 marzo.","breadcrumb":{"@id":"https:\/\/www.dottorgadget.it\/news\/quando-e-la-festa-del-papa\/#breadcrumb"},"inLanguage":"it-IT","potentialAction":[{"@type":"ReadAction","target":["https:\/\/www.dottorgadget.it\/news\/quando-e-la-festa-del-papa\/"]}]},{"@type":"ImageObject","inLanguage":"it-IT","@id":"https:\/\/www.dottorgadget.it\/news\/quando-e-la-festa-del-papa\/#primaryimage","url":"https:\/\/www.dottorgadget.it\/news\/wp-content\/uploads\/2024\/03\/quando-e-festa-papa.png","contentUrl":"https:\/\/www.dottorgadget.it\/news\/wp-content\/uploads\/2024\/03\/quando-e-festa-papa.png","width":1280,"height":853,"caption":"quand'\u00e8 la festa del pap\u00e0"},{"@type":"BreadcrumbList","@id":"https:\/\/www.dottorgadget.it\/news\/quando-e-la-festa-del-papa\/#breadcrumb","itemListElement":[{"@type":"ListItem","position":1,"name":"Home","item":"https:\/\/www.dottorgadget.it\/news\/"},{"@type":"ListItem","position":2,"name":"Quando \u00e8 la Festa del Pap\u00e0?"}]},{"@type":"WebSite","@id":"https:\/\/www.dottorgadget.it\/news\/#website","url":"https:\/\/www.dottorgadget.it\/news\/","name":"DottorGadget News","description":"Gadget innovativi e idee regalo","potentialAction":[{"@type":"SearchAction","target":{"@type":"EntryPoint","urlTemplate":"https:\/\/www.dottorgadget.it\/news\/?s={search_term_string}"},"query-input":{"@type":"PropertyValueSpecification","valueRequired":true,"valueName":"search_term_string"}}],"inLanguage":"it-IT"},{"@type":"Person","@id":"https:\/\/www.dottorgadget.it\/news\/#\/schema\/person\/303124d03e1dc2ba2213427fbd91c82d","name":"Filippo","image":{"@type":"ImageObject","inLanguage":"it-IT","@id":"https:\/\/secure.gravatar.com\/avatar\/ee736bde69729344a4f0a989a14ac33282698f82a57df2a1d9dea09c2bc8a62d?s=96&d=mm&r=g","url":"https:\/\/secure.gravatar.com\/avatar\/ee736bde69729344a4f0a989a14ac33282698f82a57df2a1d9dea09c2bc8a62d?s=96&d=mm&r=g","contentUrl":"https:\/\/secure.gravatar.com\/avatar\/ee736bde69729344a4f0a989a14ac33282698f82a57df2a1d9dea09c2bc8a62d?s=96&d=mm&r=g","caption":"Filippo"},"description":"\u00c8 il pi\u00f9 stretto collaboratore del Dottor Gadget, tant'\u00e8 che viene spesso scambiato per il Grande Capo. Svolge il ruolo di blogger, critico, recensore, addetto alle fotocopie, talent scout dei gadget, segretario di se stesso, consigliere d\u2019amministrazione, consigliere spirituale e tanti altri ruoli che non sa ancora di avere. Nel tempo libero corre, anche se alla fine si ritrova sempre al punto di partenza."}]}},"_links":{"self":[{"href":"https:\/\/www.dottorgadget.it\/news\/wp-json\/wp\/v2\/posts\/11833","targetHints":{"allow":["GET"]}}],"collection":[{"href":"https:\/\/www.dottorgadget.it\/news\/wp-json\/wp\/v2\/posts"}],"about":[{"href":"https:\/\/www.dottorgadget.it\/news\/wp-json\/wp\/v2\/types\/post"}],"author":[{"embeddable":true,"href":"https:\/\/www.dottorgadget.it\/news\/wp-json\/wp\/v2\/users\/3"}],"replies":[{"embeddable":true,"href":"https:\/\/www.dottorgadget.it\/news\/wp-json\/wp\/v2\/comments?post=11833"}],"version-history":[{"count":3,"href":"https:\/\/www.dottorgadget.it\/news\/wp-json\/wp\/v2\/posts\/11833\/revisions"}],"predecessor-version":[{"id":11842,"href":"https:\/\/www.dottorgadget.it\/news\/wp-json\/wp\/v2\/posts\/11833\/revisions\/11842"}],"wp:featuredmedia":[{"embeddable":true,"href":"https:\/\/www.dottorgadget.it\/news\/wp-json\/wp\/v2\/media\/11838"}],"wp:attachment":[{"href":"https:\/\/www.dottorgadget.it\/news\/wp-json\/wp\/v2\/media?parent=11833"}],"wp:term":[{"taxonomy":"category","embeddable":true,"href":"https:\/\/www.dottorgadget.it\/news\/wp-json\/wp\/v2\/categories?post=11833"},{"taxonomy":"post_tag","embeddable":true,"href":"https:\/\/www.dottorgadget.it\/news\/wp-json\/wp\/v2\/tags?post=11833"}],"curies":[{"name":"wp","href":"https:\/\/api.w.org\/{rel}","templated":true}]}}