{"id":1165,"date":"2018-12-13T00:36:36","date_gmt":"2018-12-12T23:36:36","guid":{"rendered":"https:\/\/www.dottorgadget.it\/news\/?p=1165"},"modified":"2019-04-15T01:23:54","modified_gmt":"2019-04-14T23:23:54","slug":"santa-lucia-regali","status":"publish","type":"post","link":"https:\/\/www.dottorgadget.it\/news\/santa-lucia-regali\/","title":{"rendered":"Santa Lucia, la tradizione, la festa e i regali"},"content":{"rendered":"<h2>Santa Lucia, un piccolo Natale anticipato che coinvolge molte zone, non solo d&#8217;Italia ma del mondo<\/h2>\n<p>Il <strong>13 Dicembre<\/strong> si ricorda<strong> Santa Lucia<\/strong>, un giorno molto speciale per molteplici motivi. Alcuni dei quali collegati tra loro.<br \/>\nLe celebrazioni non sono nazionali ma riguardano solo alcune zone del nostro paese. Una delle citt\u00e0 pi\u00f9 coinvolte \u00e8 Siracusa, paese natale di Lucia, ma viene festeggiata anche in alcune province della Lombardia o del Trentino, a dimostrazione che la devozione verso la Santa non ha confini geografici.<\/p>\n<p>La cosa appare ancora pi\u00f9 evidente quando si scopre che la festa di Santa Lucia \u00e8 molto importante in Svezia e in altre zone della Scandinavia.<br \/>\nIl motivo va ricercato nei lunghi inverni senza luce \u2013 o quasi \u2013 dei paesi del Nord. Difatti Santa Lucia \u00e8 la festa della luce, sia per il nome della Santa (Lucia deriva dal latino Lux, luce), sia per la sua storia.<br \/>\nLucia \u00e8 diventata santa per via del martirio e per il suo aiuto dato ai cristiani di Siracusa perseguitati dai romani.<\/p>\n<p>La storia narra che <strong>Lucia<\/strong>, ogni notte, si recasse fino alle catacombe per portare da mangiare ai cristiani nascosti. Per farlo indossava una <strong>corona fatta di candele<\/strong>, cos\u00ec da illuminare il suo cammino lasciando libere le mani per portare le provviste.<br \/>\nDa questo racconto nasce anche la tradizione della processione con le candele per celebrare il giorno di Santa Lucia.<\/p>\n<h2>Santa Lucia, ma \u00e8 davvero il giorno pi\u00f9 corto che ci sia?<\/h2>\n<p>Da un punto di vista concettuale lo \u00e8, visto che era questo l&#8217;intento. <strong>La festa di Santa Lucia si celebra il 13 Dicembre<\/strong> perch\u00e9, prima dell&#8217;adozione del calendario gregoriano nel 1582 (al posto dell&#8217;impreciso calendario giuliano), era il giorno del solstizio d&#8217;inverno. Quindi era giusto dire che &#8220;<em><strong>santa Lucia \u00e8 il giorno pi\u00f9 corto che ci sia<\/strong><\/em>&#8220;.<br \/>\nCon il nuovo calendario per\u00f2 il <strong>solstizio d&#8217;inverno<\/strong> era cambiato e cadeva il 21 Dicembre. Ormai per\u00f2 la tradizione era radicata, cos\u00ec per Santa Lucia si \u00e8 mantenuto il 13 Dicembre.<br \/>\nSe invece vi state chiedendo perch\u00e9 si celebra la festa della luce nel giorno in cui ce n&#8217;\u00e8 di meno credo che sia facile intuire la risposta. Perch\u00e9 \u00e8 nei giorni pi\u00f9 bui che si sente maggiore bisogno della luce.<\/p>\n<p>Inoltre, \u00e8 curioso come la discrepanza dei 2 calendari non abbia creato un vero proprio errore. Difatti oggi il 13 Dicembre \u00e8 il giorno in cui il Sole tramonta prima. A partire dal 14 Dicembre i tramonti iniziano a posticiparsi. Eppure anche dopo il 13 Dicembre le giornate continuano ad accorciarsi, come mai? La spiegazione \u00e8 nell&#8217;alba. Fino al 21-22 Dicembre, la leggera posticipazione quotidiana del tramonto viene accompagnata da una maggiore posticipazione dell&#8217;alba. Ecco perch\u00e9, anche se a Santa Lucia il Sole tramonta prima di ogni altro giorno, non \u00e8 pi\u00f9 il giorno pi\u00f9 corto dell&#8217;anno.<\/p>\n<h2>I regali di Santa Lucia, una tradizione amatissima dai bambini<\/h2>\n<p><strong>Santa Lucia<\/strong> pu\u00f2 essere anche come un piccolo Natale anticipato. Quanto questo sia vero dipende dalla zona e dalla tradizione locale. Perch\u00e9 ci sono zone dove non ci sono i doni di Salta Lucia, e altre dove ci sono dei veri e propri <strong>regali di\u00a0Santa Lucia\u00a0<\/strong>come se fossero i <a href=\"https:\/\/www.dottorgadget.it\/49-regali-di-natale\"><strong>regali di Natale<\/strong><\/a>.<br \/>\nUna delle tradizioni pi\u00f9 belle e sentite, e che non risulta ridondante col vicino Natale, \u00e8 quella dei dolcetti.<br \/>\nLa sera prima i bambini con le loro famiglie preparano un piatto con del cibo. Pu\u00f2 essere dei biscotti, delle arance, perfino del fieno in base alla tradizione di zona. Poi vanno a letto e al loro risveglio trovano nel piatto dei dolciumi.<br \/>\nCome tradizione ricorda molto quella di Natale o dell&#8217;Epifania, quando i bimbi preparano del cibo per le renne di Babbo Natale o per i cammelli dei Magi.<br \/>\nAltrimenti ci sono zone dove si danno ai bambini dei veri e propri <strong>regali<\/strong>. Sono su richiesta, poi Santa Lucia provvede a scoprire se i bambini hanno fatto i bravi o i cattivi.<br \/>\nVoi come siete stati quest&#8217;anno? <strong>Uno tra Santa Lucia e Babbo Natale vi porter\u00e0 qualcosa?<\/strong><\/p>\n","protected":false},"excerpt":{"rendered":"<p>Santa Lucia, un piccolo Natale anticipato che coinvolge molte zone, non solo d&#8217;Italia ma del mondo Il 13 Dicembre si ricorda Santa Lucia, un giorno molto speciale per molteplici motivi. Alcuni dei quali collegati tra loro. Le celebrazioni non sono nazionali ma riguardano solo alcune zone del nostro paese. Una delle citt\u00e0 pi\u00f9 coinvolte \u00e8 Siracusa, paese natale di Lucia, ma viene festeggiata anche in alcune province della Lombardia o del Trentino, a dimostrazione che la devozione verso la Santa non ha confini geografici. La cosa appare ancora pi\u00f9 evidente quando si scopre che la festa di Santa Lucia \u00e8 molto importante in Svezia e in altre zone della Scandinavia. Il motivo va ricercato nei lunghi inverni senza luce \u2013 o quasi \u2013 dei paesi del Nord. Difatti Santa Lucia \u00e8 la festa della luce, sia per il nome della Santa (Lucia deriva dal latino Lux, luce), sia per la sua storia. Lucia \u00e8 diventata santa per via del martirio e per il suo aiuto dato ai cristiani di Siracusa perseguitati dai romani. La storia narra che Lucia, ogni notte, si recasse fino alle catacombe per portare da mangiare ai cristiani nascosti. Per farlo indossava una corona fatta di candele, [&hellip;]<\/p>\n","protected":false},"author":3,"featured_media":1167,"comment_status":"open","ping_status":"open","sticky":false,"template":"","format":"standard","meta":{"_acf_changed":false,"footnotes":""},"categories":[35,2],"tags":[],"class_list":["post-1165","post","type-post","status-publish","format-standard","has-post-thumbnail","hentry","category-feste","category-regali"],"acf":[],"yoast_head":"<!-- This site is optimized with the Yoast SEO plugin v28.3 - https:\/\/yoast.com\/product\/yoast-seo-wordpress\/ -->\n<title>Santa Lucia, la tradizione, la festa e i regali<\/title>\n<meta name=\"description\" content=\"Santa Lucia, la festa della luce e un piccolo Natale anticipato. Una celebrazione che coinvolge molte zone, non solo d&#039;Italia, ma del mondo.\" \/>\n<meta name=\"robots\" content=\"index, follow, max-snippet:-1, max-image-preview:large, max-video-preview:-1\" \/>\n<link rel=\"canonical\" href=\"https:\/\/www.dottorgadget.it\/news\/santa-lucia-regali\/\" \/>\n<meta property=\"og:locale\" content=\"it_IT\" \/>\n<meta property=\"og:type\" content=\"article\" \/>\n<meta property=\"og:title\" content=\"Santa Lucia, la tradizione, la festa e i regali\" \/>\n<meta property=\"og:description\" content=\"Santa Lucia, la festa della luce e un piccolo Natale anticipato. Una celebrazione che coinvolge molte zone, non solo d&#039;Italia, ma del mondo.\" \/>\n<meta property=\"og:url\" content=\"https:\/\/www.dottorgadget.it\/news\/santa-lucia-regali\/\" \/>\n<meta property=\"og:site_name\" content=\"DottorGadget News\" \/>\n<meta property=\"article:published_time\" content=\"2018-12-12T23:36:36+00:00\" \/>\n<meta property=\"article:modified_time\" content=\"2019-04-14T23:23:54+00:00\" \/>\n<meta property=\"og:image\" content=\"https:\/\/www.dottorgadget.it\/news\/wp-content\/uploads\/2018\/12\/santa-lucia.jpg\" \/>\n\t<meta property=\"og:image:width\" content=\"1280\" \/>\n\t<meta property=\"og:image:height\" content=\"853\" \/>\n\t<meta property=\"og:image:type\" content=\"image\/jpeg\" \/>\n<meta name=\"author\" content=\"Filippo\" \/>\n<meta name=\"twitter:card\" content=\"summary_large_image\" \/>\n<meta name=\"twitter:label1\" content=\"Scritto da\" \/>\n\t<meta name=\"twitter:data1\" content=\"Filippo\" \/>\n\t<meta name=\"twitter:label2\" content=\"Tempo di lettura stimato\" \/>\n\t<meta name=\"twitter:data2\" content=\"3 minuti\" \/>\n<script type=\"application\/ld+json\" class=\"yoast-schema-graph\">{\"@context\":\"https:\\\/\\\/schema.org\",\"@graph\":[{\"@type\":\"Article\",\"@id\":\"https:\\\/\\\/www.dottorgadget.it\\\/news\\\/santa-lucia-regali\\\/#article\",\"isPartOf\":{\"@id\":\"https:\\\/\\\/www.dottorgadget.it\\\/news\\\/santa-lucia-regali\\\/\"},\"author\":{\"name\":\"Filippo\",\"@id\":\"https:\\\/\\\/www.dottorgadget.it\\\/news\\\/#\\\/schema\\\/person\\\/303124d03e1dc2ba2213427fbd91c82d\"},\"headline\":\"Santa Lucia, la tradizione, la festa e i regali\",\"datePublished\":\"2018-12-12T23:36:36+00:00\",\"dateModified\":\"2019-04-14T23:23:54+00:00\",\"mainEntityOfPage\":{\"@id\":\"https:\\\/\\\/www.dottorgadget.it\\\/news\\\/santa-lucia-regali\\\/\"},\"wordCount\":666,\"commentCount\":0,\"image\":{\"@id\":\"https:\\\/\\\/www.dottorgadget.it\\\/news\\\/santa-lucia-regali\\\/#primaryimage\"},\"thumbnailUrl\":\"https:\\\/\\\/www.dottorgadget.it\\\/news\\\/wp-content\\\/uploads\\\/2018\\\/12\\\/santa-lucia.jpg\",\"articleSection\":[\"Feste\",\"Regali\"],\"inLanguage\":\"it-IT\",\"potentialAction\":[{\"@type\":\"CommentAction\",\"name\":\"Comment\",\"target\":[\"https:\\\/\\\/www.dottorgadget.it\\\/news\\\/santa-lucia-regali\\\/#respond\"]}]},{\"@type\":\"WebPage\",\"@id\":\"https:\\\/\\\/www.dottorgadget.it\\\/news\\\/santa-lucia-regali\\\/\",\"url\":\"https:\\\/\\\/www.dottorgadget.it\\\/news\\\/santa-lucia-regali\\\/\",\"name\":\"Santa Lucia, la tradizione, la festa e i regali\",\"isPartOf\":{\"@id\":\"https:\\\/\\\/www.dottorgadget.it\\\/news\\\/#website\"},\"primaryImageOfPage\":{\"@id\":\"https:\\\/\\\/www.dottorgadget.it\\\/news\\\/santa-lucia-regali\\\/#primaryimage\"},\"image\":{\"@id\":\"https:\\\/\\\/www.dottorgadget.it\\\/news\\\/santa-lucia-regali\\\/#primaryimage\"},\"thumbnailUrl\":\"https:\\\/\\\/www.dottorgadget.it\\\/news\\\/wp-content\\\/uploads\\\/2018\\\/12\\\/santa-lucia.jpg\",\"datePublished\":\"2018-12-12T23:36:36+00:00\",\"dateModified\":\"2019-04-14T23:23:54+00:00\",\"author\":{\"@id\":\"https:\\\/\\\/www.dottorgadget.it\\\/news\\\/#\\\/schema\\\/person\\\/303124d03e1dc2ba2213427fbd91c82d\"},\"description\":\"Santa Lucia, la festa della luce e un piccolo Natale anticipato. Una celebrazione che coinvolge molte zone, non solo d'Italia, ma del mondo.\",\"breadcrumb\":{\"@id\":\"https:\\\/\\\/www.dottorgadget.it\\\/news\\\/santa-lucia-regali\\\/#breadcrumb\"},\"inLanguage\":\"it-IT\",\"potentialAction\":[{\"@type\":\"ReadAction\",\"target\":[\"https:\\\/\\\/www.dottorgadget.it\\\/news\\\/santa-lucia-regali\\\/\"]}]},{\"@type\":\"ImageObject\",\"inLanguage\":\"it-IT\",\"@id\":\"https:\\\/\\\/www.dottorgadget.it\\\/news\\\/santa-lucia-regali\\\/#primaryimage\",\"url\":\"https:\\\/\\\/www.dottorgadget.it\\\/news\\\/wp-content\\\/uploads\\\/2018\\\/12\\\/santa-lucia.jpg\",\"contentUrl\":\"https:\\\/\\\/www.dottorgadget.it\\\/news\\\/wp-content\\\/uploads\\\/2018\\\/12\\\/santa-lucia.jpg\",\"width\":1280,\"height\":853,\"caption\":\"santa lucia\"},{\"@type\":\"BreadcrumbList\",\"@id\":\"https:\\\/\\\/www.dottorgadget.it\\\/news\\\/santa-lucia-regali\\\/#breadcrumb\",\"itemListElement\":[{\"@type\":\"ListItem\",\"position\":1,\"name\":\"Home\",\"item\":\"https:\\\/\\\/www.dottorgadget.it\\\/news\\\/\"},{\"@type\":\"ListItem\",\"position\":2,\"name\":\"Santa Lucia, la tradizione, la festa e i regali\"}]},{\"@type\":\"WebSite\",\"@id\":\"https:\\\/\\\/www.dottorgadget.it\\\/news\\\/#website\",\"url\":\"https:\\\/\\\/www.dottorgadget.it\\\/news\\\/\",\"name\":\"DottorGadget News\",\"description\":\"Gadget innovativi e idee regalo\",\"potentialAction\":[{\"@type\":\"SearchAction\",\"target\":{\"@type\":\"EntryPoint\",\"urlTemplate\":\"https:\\\/\\\/www.dottorgadget.it\\\/news\\\/?s={search_term_string}\"},\"query-input\":{\"@type\":\"PropertyValueSpecification\",\"valueRequired\":true,\"valueName\":\"search_term_string\"}}],\"inLanguage\":\"it-IT\"},{\"@type\":\"Person\",\"@id\":\"https:\\\/\\\/www.dottorgadget.it\\\/news\\\/#\\\/schema\\\/person\\\/303124d03e1dc2ba2213427fbd91c82d\",\"name\":\"Filippo\",\"image\":{\"@type\":\"ImageObject\",\"inLanguage\":\"it-IT\",\"@id\":\"https:\\\/\\\/secure.gravatar.com\\\/avatar\\\/ee736bde69729344a4f0a989a14ac33282698f82a57df2a1d9dea09c2bc8a62d?s=96&d=mm&r=g\",\"url\":\"https:\\\/\\\/secure.gravatar.com\\\/avatar\\\/ee736bde69729344a4f0a989a14ac33282698f82a57df2a1d9dea09c2bc8a62d?s=96&d=mm&r=g\",\"contentUrl\":\"https:\\\/\\\/secure.gravatar.com\\\/avatar\\\/ee736bde69729344a4f0a989a14ac33282698f82a57df2a1d9dea09c2bc8a62d?s=96&d=mm&r=g\",\"caption\":\"Filippo\"},\"description\":\"\u00c8 il pi\u00f9 stretto collaboratore del Dottor Gadget, tant'\u00e8 che viene spesso scambiato per il Grande Capo. Svolge il ruolo di blogger, critico, recensore, addetto alle fotocopie, talent scout dei gadget, segretario di se stesso, consigliere d\u2019amministrazione, consigliere spirituale e tanti altri ruoli che non sa ancora di avere. Nel tempo libero corre, anche se alla fine si ritrova sempre al punto di partenza.\"}]}<\/script>\n<!-- \/ Yoast SEO plugin. -->","yoast_head_json":{"title":"Santa Lucia, la tradizione, la festa e i regali","description":"Santa Lucia, la festa della luce e un piccolo Natale anticipato. Una celebrazione che coinvolge molte zone, non solo d'Italia, ma del mondo.","robots":{"index":"index","follow":"follow","max-snippet":"max-snippet:-1","max-image-preview":"max-image-preview:large","max-video-preview":"max-video-preview:-1"},"canonical":"https:\/\/www.dottorgadget.it\/news\/santa-lucia-regali\/","og_locale":"it_IT","og_type":"article","og_title":"Santa Lucia, la tradizione, la festa e i regali","og_description":"Santa Lucia, la festa della luce e un piccolo Natale anticipato. Una celebrazione che coinvolge molte zone, non solo d'Italia, ma del mondo.","og_url":"https:\/\/www.dottorgadget.it\/news\/santa-lucia-regali\/","og_site_name":"DottorGadget News","article_published_time":"2018-12-12T23:36:36+00:00","article_modified_time":"2019-04-14T23:23:54+00:00","og_image":[{"width":1280,"height":853,"url":"https:\/\/www.dottorgadget.it\/news\/wp-content\/uploads\/2018\/12\/santa-lucia.jpg","type":"image\/jpeg"}],"author":"Filippo","twitter_card":"summary_large_image","twitter_misc":{"Scritto da":"Filippo","Tempo di lettura stimato":"3 minuti"},"schema":{"@context":"https:\/\/schema.org","@graph":[{"@type":"Article","@id":"https:\/\/www.dottorgadget.it\/news\/santa-lucia-regali\/#article","isPartOf":{"@id":"https:\/\/www.dottorgadget.it\/news\/santa-lucia-regali\/"},"author":{"name":"Filippo","@id":"https:\/\/www.dottorgadget.it\/news\/#\/schema\/person\/303124d03e1dc2ba2213427fbd91c82d"},"headline":"Santa Lucia, la tradizione, la festa e i regali","datePublished":"2018-12-12T23:36:36+00:00","dateModified":"2019-04-14T23:23:54+00:00","mainEntityOfPage":{"@id":"https:\/\/www.dottorgadget.it\/news\/santa-lucia-regali\/"},"wordCount":666,"commentCount":0,"image":{"@id":"https:\/\/www.dottorgadget.it\/news\/santa-lucia-regali\/#primaryimage"},"thumbnailUrl":"https:\/\/www.dottorgadget.it\/news\/wp-content\/uploads\/2018\/12\/santa-lucia.jpg","articleSection":["Feste","Regali"],"inLanguage":"it-IT","potentialAction":[{"@type":"CommentAction","name":"Comment","target":["https:\/\/www.dottorgadget.it\/news\/santa-lucia-regali\/#respond"]}]},{"@type":"WebPage","@id":"https:\/\/www.dottorgadget.it\/news\/santa-lucia-regali\/","url":"https:\/\/www.dottorgadget.it\/news\/santa-lucia-regali\/","name":"Santa Lucia, la tradizione, la festa e i regali","isPartOf":{"@id":"https:\/\/www.dottorgadget.it\/news\/#website"},"primaryImageOfPage":{"@id":"https:\/\/www.dottorgadget.it\/news\/santa-lucia-regali\/#primaryimage"},"image":{"@id":"https:\/\/www.dottorgadget.it\/news\/santa-lucia-regali\/#primaryimage"},"thumbnailUrl":"https:\/\/www.dottorgadget.it\/news\/wp-content\/uploads\/2018\/12\/santa-lucia.jpg","datePublished":"2018-12-12T23:36:36+00:00","dateModified":"2019-04-14T23:23:54+00:00","author":{"@id":"https:\/\/www.dottorgadget.it\/news\/#\/schema\/person\/303124d03e1dc2ba2213427fbd91c82d"},"description":"Santa Lucia, la festa della luce e un piccolo Natale anticipato. Una celebrazione che coinvolge molte zone, non solo d'Italia, ma del mondo.","breadcrumb":{"@id":"https:\/\/www.dottorgadget.it\/news\/santa-lucia-regali\/#breadcrumb"},"inLanguage":"it-IT","potentialAction":[{"@type":"ReadAction","target":["https:\/\/www.dottorgadget.it\/news\/santa-lucia-regali\/"]}]},{"@type":"ImageObject","inLanguage":"it-IT","@id":"https:\/\/www.dottorgadget.it\/news\/santa-lucia-regali\/#primaryimage","url":"https:\/\/www.dottorgadget.it\/news\/wp-content\/uploads\/2018\/12\/santa-lucia.jpg","contentUrl":"https:\/\/www.dottorgadget.it\/news\/wp-content\/uploads\/2018\/12\/santa-lucia.jpg","width":1280,"height":853,"caption":"santa lucia"},{"@type":"BreadcrumbList","@id":"https:\/\/www.dottorgadget.it\/news\/santa-lucia-regali\/#breadcrumb","itemListElement":[{"@type":"ListItem","position":1,"name":"Home","item":"https:\/\/www.dottorgadget.it\/news\/"},{"@type":"ListItem","position":2,"name":"Santa Lucia, la tradizione, la festa e i regali"}]},{"@type":"WebSite","@id":"https:\/\/www.dottorgadget.it\/news\/#website","url":"https:\/\/www.dottorgadget.it\/news\/","name":"DottorGadget News","description":"Gadget innovativi e idee regalo","potentialAction":[{"@type":"SearchAction","target":{"@type":"EntryPoint","urlTemplate":"https:\/\/www.dottorgadget.it\/news\/?s={search_term_string}"},"query-input":{"@type":"PropertyValueSpecification","valueRequired":true,"valueName":"search_term_string"}}],"inLanguage":"it-IT"},{"@type":"Person","@id":"https:\/\/www.dottorgadget.it\/news\/#\/schema\/person\/303124d03e1dc2ba2213427fbd91c82d","name":"Filippo","image":{"@type":"ImageObject","inLanguage":"it-IT","@id":"https:\/\/secure.gravatar.com\/avatar\/ee736bde69729344a4f0a989a14ac33282698f82a57df2a1d9dea09c2bc8a62d?s=96&d=mm&r=g","url":"https:\/\/secure.gravatar.com\/avatar\/ee736bde69729344a4f0a989a14ac33282698f82a57df2a1d9dea09c2bc8a62d?s=96&d=mm&r=g","contentUrl":"https:\/\/secure.gravatar.com\/avatar\/ee736bde69729344a4f0a989a14ac33282698f82a57df2a1d9dea09c2bc8a62d?s=96&d=mm&r=g","caption":"Filippo"},"description":"\u00c8 il pi\u00f9 stretto collaboratore del Dottor Gadget, tant'\u00e8 che viene spesso scambiato per il Grande Capo. Svolge il ruolo di blogger, critico, recensore, addetto alle fotocopie, talent scout dei gadget, segretario di se stesso, consigliere d\u2019amministrazione, consigliere spirituale e tanti altri ruoli che non sa ancora di avere. Nel tempo libero corre, anche se alla fine si ritrova sempre al punto di partenza."}]}},"_links":{"self":[{"href":"https:\/\/www.dottorgadget.it\/news\/wp-json\/wp\/v2\/posts\/1165","targetHints":{"allow":["GET"]}}],"collection":[{"href":"https:\/\/www.dottorgadget.it\/news\/wp-json\/wp\/v2\/posts"}],"about":[{"href":"https:\/\/www.dottorgadget.it\/news\/wp-json\/wp\/v2\/types\/post"}],"author":[{"embeddable":true,"href":"https:\/\/www.dottorgadget.it\/news\/wp-json\/wp\/v2\/users\/3"}],"replies":[{"embeddable":true,"href":"https:\/\/www.dottorgadget.it\/news\/wp-json\/wp\/v2\/comments?post=1165"}],"version-history":[{"count":0,"href":"https:\/\/www.dottorgadget.it\/news\/wp-json\/wp\/v2\/posts\/1165\/revisions"}],"wp:featuredmedia":[{"embeddable":true,"href":"https:\/\/www.dottorgadget.it\/news\/wp-json\/wp\/v2\/media\/1167"}],"wp:attachment":[{"href":"https:\/\/www.dottorgadget.it\/news\/wp-json\/wp\/v2\/media?parent=1165"}],"wp:term":[{"taxonomy":"category","embeddable":true,"href":"https:\/\/www.dottorgadget.it\/news\/wp-json\/wp\/v2\/categories?post=1165"},{"taxonomy":"post_tag","embeddable":true,"href":"https:\/\/www.dottorgadget.it\/news\/wp-json\/wp\/v2\/tags?post=1165"}],"curies":[{"name":"wp","href":"https:\/\/api.w.org\/{rel}","templated":true}]}}