{"id":10188,"date":"2023-06-23T21:20:50","date_gmt":"2023-06-23T19:20:50","guid":{"rendered":"https:\/\/www.dottorgadget.it\/news\/?p=10188"},"modified":"2023-06-24T16:01:59","modified_gmt":"2023-06-24T14:01:59","slug":"i-puffi-neri","status":"publish","type":"post","link":"https:\/\/www.dottorgadget.it\/news\/i-puffi-neri\/","title":{"rendered":"I Puffi neri"},"content":{"rendered":"<h2>Tutti sanno che sono blu, ma esistono anche i Puffi neri?<\/h2>\n<p>Tutti conoscono i <strong>Puffi<\/strong>, le piccole creature blu con i pantaloni e il caratteristico cappello a punta di colore bianco. Ovviamente questo \u00e8 l&#8217;aspetto del Puffo base, perch\u00e9 poi tutte le <strong><a href=\"https:\/\/www.dottorgadget.it\/news\/nomi-dei-puffi\/\">varianti dei Puffi<\/a><\/strong> possono avere vestiti e colori molto diversi tra loro.<br \/>\nQuello che li accomuna tutti per\u00f2 \u00e8 il colore della pelle. Un blu che li ha resi unici e delle vere e proprie icone del mondo dei fumetti e dei cartoni animati.<br \/>\nMa i Puffi sono sempre stati soltanto blu? S\u00ec e no. S\u00ec perch\u00e9 sono stati blu fin dalle loro origini che risalgono al 1958. No, perch\u00e9 in alcune storie ci siamo imbattuti in Puffi di colore differente.<br \/>\nLa cosa curiosa \u00e8 che proprio<strong> nella prima storia dei Puffi del 1959 compaiono i misteriosi Puffi neri<\/strong>. Quindi non si tratta di una leggenda, i Puffi neri sono esistiti, anche se sono durati solo il tempo di una storia.<\/p>\n<h2>L&#8217;origine dei Puffi neri<\/h2>\n<p>La prima storia dei Puffi viene pubblicata il 25 luglio 1959 su <em>Le Journal de Spirou<\/em>. Il primo racconto \u00e8 proprio quello che ci interessa oggi: <strong>I Puffi neri<\/strong>.<br \/>\nLa storia poi viene ripubblicata anche come album del 1963 chiamato anch&#8217;esso I Puffi neri. L&#8217;album in tutto contiene 3 storie e oltre a quella che d\u00e0 il titolo troviamo anche Il puffo volante e Il ladro di puffi.<br \/>\nTrattandosi del primo vero racconto dei Puffi, l&#8217;inizio della storia de I Puffi neri \u00e8 anche l&#8217;incipit della serie. Quindi nella prima parte abbiamo un&#8217;introduzione al mondo dei Puffi e soprattutto di questi piccoli personaggi blu. Poi inizia la vicenda legata al racconto, una storia che ha molto in comune con tante storie horror con gli zombie come protagonisti!<\/p>\n<h2>La trama de I Puffi neri<\/h2>\n<p>Un Puffo va a fare una passeggiata nella foresta ma<strong> viene morso da un insetto<\/strong> tutto nero chiamato mosca Nen\u00e8. In pochissimo tempo <strong>la pelle del povero Puffo diventa tutta nera<\/strong> e inizia ad avere effetti anche sul suo comportamento. Il Puffo nero inizia a fare dei versi strani, digrigna i denti e appare subito molto aggressivo.<br \/>\nTornato al villaggio, mette molta preoccupazione agli altri Puffi che chiamano subito il Grande Puffo.<\/p>\n<p>Il Grande Puffo dice che non \u00e8 il primo<strong> Puffo nero<\/strong> che vede. Quando era giovane era gi\u00e0 successo un caso simile, ed era stato risolto grazie ad una medicina speciale creata per guarire il Puffo morso dall&#8217;insetto. Ora per\u00f2 \u00e8 passato troppo tempo e Grande Puffo non ricorda pi\u00f9 la composizione della medicina.<br \/>\nIl vero problema per\u00f2 \u00e8 un altro: il Puffo nero \u00e8 contagioso e se morde sulla coda un altro Puffo lo fa diventare nero come lui. Dato che i Puffi neri sono molto aggressivi non ci vuole molto tempo prima che la situazione sfugga di mano e diventi una sorta di epidemia.<\/p>\n<p>Fortunatamente Grande Puffo trova la ricetta per la medicina. Con il <strong>polline della tuberosa<\/strong> anche la mosca Nen\u00e8 diventa blu, quindi \u00e8 l&#8217;antidoto giusto.<br \/>\nNel frattempo i <strong>Puffi neri<\/strong> sono diventati tantissimi e i pochi Puffi rimasti blu corrono nella foresta con Grande Puffo. Devono trovare pi\u00f9 tuberosa possibile per preparare l&#8217;antidoto per salvere tutti i loro amici.<br \/>\nIl Grande Puffo si chiude nel suo laboratorio a preparare la medicina e riesce a preparare dei soffietti da usare contro i Puffi oscuri.<br \/>\nLa parte finale del racconto inscena una grande battaglia tra Puffi. Da un lato i pochissimi Puffi rimasti blu, armati di soffietti, contro tantissimi Puffi neri che cercano di mordere anche loro.<br \/>\nLa battaglia \u00e8 caotica, i Puffi neri colpiti dal polline tornano blu, ma molti rivengono morsi e tornano subito neri. Questo rende la sfida impari, tanto che alla fine<strong> tutti i Puffi sono diventati neri<\/strong>.<br \/>\nLo scontro per\u00f2 ha provocato un incendio che coinvolge la casa di Grande Puffo e fa esplodere il suo laboratorio. L&#8217;esplosione genera una nube di polline che invade tutto il villaggio e i Puffi neri tornano tutti blu.<br \/>\nIl pericolo \u00e8 scampato, ora si pu\u00f2 organizzare una bella festa!<\/p>\n<h2>I Puffi viola<\/h2>\n<p>Ebbene s\u00ec, esistono anche i <strong>Puffi viola<\/strong>, anche se la storia di origine e \u00e8 sempre la stessa. Quando i Puffi sono diventati una <strong>serie animata<\/strong> non \u00e8 stato rispettato l&#8217;ordine delle storie dei fumetti. Anche perch\u00e9 nella serie animata troviamo sia storie sia Puffi creati appositamente per il cartone.<br \/>\nPer questo il primo episodio della serie animata non \u00e8 sui <strong>Puffi neri<\/strong>. Per vedere il suo adattamento animato bisogna guardare il 24\u00ba episodio della prima serie.<br \/>\nLa produzione della serie \u00e8 statunitense e per evitare di incorrere in accuse razziste segue la stessa trama del fumetto, ma cambia i Puffi neri in Puffi viola.<br \/>\nQuindi si pu\u00f2 dire che i Puffi neri e i Puffi viola sono la stessa cosa, con la differenza cromatica dovuta a una modifica voluta dalla produzione della serie.<\/p>\n","protected":false},"excerpt":{"rendered":"<p>Tutti sanno che sono blu, ma esistono anche i Puffi neri? Tutti conoscono i Puffi, le piccole creature blu con i pantaloni e il caratteristico cappello a punta di colore bianco. Ovviamente questo \u00e8 l&#8217;aspetto del Puffo base, perch\u00e9 poi tutte le varianti dei Puffi possono avere vestiti e colori molto diversi tra loro. Quello che li accomuna tutti per\u00f2 \u00e8 il colore della pelle. Un blu che li ha resi unici e delle vere e proprie icone del mondo dei fumetti e dei cartoni animati. Ma i Puffi sono sempre stati soltanto blu? S\u00ec e no. S\u00ec perch\u00e9 sono stati blu fin dalle loro origini che risalgono al 1958. No, perch\u00e9 in alcune storie ci siamo imbattuti in Puffi di colore differente. La cosa curiosa \u00e8 che proprio nella prima storia dei Puffi del 1959 compaiono i misteriosi Puffi neri. Quindi non si tratta di una leggenda, i Puffi neri sono esistiti, anche se sono durati solo il tempo di una storia. L&#8217;origine dei Puffi neri La prima storia dei Puffi viene pubblicata il 25 luglio 1959 su Le Journal de Spirou. Il primo racconto \u00e8 proprio quello che ci interessa oggi: I Puffi neri. La storia poi viene [&hellip;]<\/p>\n","protected":false},"author":3,"featured_media":10191,"comment_status":"open","ping_status":"open","sticky":false,"template":"","format":"standard","meta":{"_acf_changed":false,"footnotes":""},"categories":[13],"tags":[],"class_list":["post-10188","post","type-post","status-publish","format-standard","has-post-thumbnail","hentry","category-curiosita"],"acf":[],"yoast_head":"<!-- This site is optimized with the Yoast SEO plugin v28.3 - https:\/\/yoast.com\/product\/yoast-seo-wordpress\/ -->\n<title>I Puffi neri<\/title>\n<meta name=\"description\" content=\"Esistono i Puffi neri? Ebbene s\u00ec e sono nati proprio con la prima storia dei Puffi. Una storia che ha creato anche il mito dei Puffi viola.\" \/>\n<meta name=\"robots\" content=\"index, follow, max-snippet:-1, max-image-preview:large, max-video-preview:-1\" \/>\n<link rel=\"canonical\" href=\"https:\/\/www.dottorgadget.it\/news\/i-puffi-neri\/\" \/>\n<meta property=\"og:locale\" content=\"it_IT\" \/>\n<meta property=\"og:type\" content=\"article\" \/>\n<meta property=\"og:title\" content=\"I Puffi neri\" \/>\n<meta property=\"og:description\" content=\"Esistono i Puffi neri? Ebbene s\u00ec e sono nati proprio con la prima storia dei Puffi. Una storia che ha creato anche il mito dei Puffi viola.\" \/>\n<meta property=\"og:url\" content=\"https:\/\/www.dottorgadget.it\/news\/i-puffi-neri\/\" \/>\n<meta property=\"og:site_name\" content=\"DottorGadget News\" \/>\n<meta property=\"article:published_time\" content=\"2023-06-23T19:20:50+00:00\" \/>\n<meta property=\"article:modified_time\" content=\"2023-06-24T14:01:59+00:00\" \/>\n<meta property=\"og:image\" content=\"https:\/\/www.dottorgadget.it\/news\/wp-content\/uploads\/2023\/06\/puffi-neri.jpg\" \/>\n\t<meta property=\"og:image:width\" content=\"1200\" \/>\n\t<meta property=\"og:image:height\" content=\"818\" \/>\n\t<meta property=\"og:image:type\" content=\"image\/jpeg\" \/>\n<meta name=\"author\" content=\"Filippo\" \/>\n<meta name=\"twitter:card\" content=\"summary_large_image\" \/>\n<meta name=\"twitter:label1\" content=\"Scritto da\" \/>\n\t<meta name=\"twitter:data1\" content=\"Filippo\" \/>\n\t<meta name=\"twitter:label2\" content=\"Tempo di lettura stimato\" \/>\n\t<meta name=\"twitter:data2\" content=\"5 minuti\" \/>\n<script type=\"application\/ld+json\" class=\"yoast-schema-graph\">{\"@context\":\"https:\\\/\\\/schema.org\",\"@graph\":[{\"@type\":\"Article\",\"@id\":\"https:\\\/\\\/www.dottorgadget.it\\\/news\\\/i-puffi-neri\\\/#article\",\"isPartOf\":{\"@id\":\"https:\\\/\\\/www.dottorgadget.it\\\/news\\\/i-puffi-neri\\\/\"},\"author\":{\"name\":\"Filippo\",\"@id\":\"https:\\\/\\\/www.dottorgadget.it\\\/news\\\/#\\\/schema\\\/person\\\/303124d03e1dc2ba2213427fbd91c82d\"},\"headline\":\"I Puffi neri\",\"datePublished\":\"2023-06-23T19:20:50+00:00\",\"dateModified\":\"2023-06-24T14:01:59+00:00\",\"mainEntityOfPage\":{\"@id\":\"https:\\\/\\\/www.dottorgadget.it\\\/news\\\/i-puffi-neri\\\/\"},\"wordCount\":805,\"commentCount\":0,\"image\":{\"@id\":\"https:\\\/\\\/www.dottorgadget.it\\\/news\\\/i-puffi-neri\\\/#primaryimage\"},\"thumbnailUrl\":\"https:\\\/\\\/www.dottorgadget.it\\\/news\\\/wp-content\\\/uploads\\\/2023\\\/06\\\/puffi-neri.jpg\",\"articleSection\":[\"Curiosit\u00e0\"],\"inLanguage\":\"it-IT\",\"potentialAction\":[{\"@type\":\"CommentAction\",\"name\":\"Comment\",\"target\":[\"https:\\\/\\\/www.dottorgadget.it\\\/news\\\/i-puffi-neri\\\/#respond\"]}]},{\"@type\":\"WebPage\",\"@id\":\"https:\\\/\\\/www.dottorgadget.it\\\/news\\\/i-puffi-neri\\\/\",\"url\":\"https:\\\/\\\/www.dottorgadget.it\\\/news\\\/i-puffi-neri\\\/\",\"name\":\"I Puffi neri\",\"isPartOf\":{\"@id\":\"https:\\\/\\\/www.dottorgadget.it\\\/news\\\/#website\"},\"primaryImageOfPage\":{\"@id\":\"https:\\\/\\\/www.dottorgadget.it\\\/news\\\/i-puffi-neri\\\/#primaryimage\"},\"image\":{\"@id\":\"https:\\\/\\\/www.dottorgadget.it\\\/news\\\/i-puffi-neri\\\/#primaryimage\"},\"thumbnailUrl\":\"https:\\\/\\\/www.dottorgadget.it\\\/news\\\/wp-content\\\/uploads\\\/2023\\\/06\\\/puffi-neri.jpg\",\"datePublished\":\"2023-06-23T19:20:50+00:00\",\"dateModified\":\"2023-06-24T14:01:59+00:00\",\"author\":{\"@id\":\"https:\\\/\\\/www.dottorgadget.it\\\/news\\\/#\\\/schema\\\/person\\\/303124d03e1dc2ba2213427fbd91c82d\"},\"description\":\"Esistono i Puffi neri? Ebbene s\u00ec e sono nati proprio con la prima storia dei Puffi. Una storia che ha creato anche il mito dei Puffi viola.\",\"breadcrumb\":{\"@id\":\"https:\\\/\\\/www.dottorgadget.it\\\/news\\\/i-puffi-neri\\\/#breadcrumb\"},\"inLanguage\":\"it-IT\",\"potentialAction\":[{\"@type\":\"ReadAction\",\"target\":[\"https:\\\/\\\/www.dottorgadget.it\\\/news\\\/i-puffi-neri\\\/\"]}]},{\"@type\":\"ImageObject\",\"inLanguage\":\"it-IT\",\"@id\":\"https:\\\/\\\/www.dottorgadget.it\\\/news\\\/i-puffi-neri\\\/#primaryimage\",\"url\":\"https:\\\/\\\/www.dottorgadget.it\\\/news\\\/wp-content\\\/uploads\\\/2023\\\/06\\\/puffi-neri.jpg\",\"contentUrl\":\"https:\\\/\\\/www.dottorgadget.it\\\/news\\\/wp-content\\\/uploads\\\/2023\\\/06\\\/puffi-neri.jpg\",\"width\":1200,\"height\":818,\"caption\":\"I Puffi neri\"},{\"@type\":\"BreadcrumbList\",\"@id\":\"https:\\\/\\\/www.dottorgadget.it\\\/news\\\/i-puffi-neri\\\/#breadcrumb\",\"itemListElement\":[{\"@type\":\"ListItem\",\"position\":1,\"name\":\"Home\",\"item\":\"https:\\\/\\\/www.dottorgadget.it\\\/news\\\/\"},{\"@type\":\"ListItem\",\"position\":2,\"name\":\"I Puffi neri\"}]},{\"@type\":\"WebSite\",\"@id\":\"https:\\\/\\\/www.dottorgadget.it\\\/news\\\/#website\",\"url\":\"https:\\\/\\\/www.dottorgadget.it\\\/news\\\/\",\"name\":\"DottorGadget News\",\"description\":\"Gadget innovativi e idee regalo\",\"potentialAction\":[{\"@type\":\"SearchAction\",\"target\":{\"@type\":\"EntryPoint\",\"urlTemplate\":\"https:\\\/\\\/www.dottorgadget.it\\\/news\\\/?s={search_term_string}\"},\"query-input\":{\"@type\":\"PropertyValueSpecification\",\"valueRequired\":true,\"valueName\":\"search_term_string\"}}],\"inLanguage\":\"it-IT\"},{\"@type\":\"Person\",\"@id\":\"https:\\\/\\\/www.dottorgadget.it\\\/news\\\/#\\\/schema\\\/person\\\/303124d03e1dc2ba2213427fbd91c82d\",\"name\":\"Filippo\",\"image\":{\"@type\":\"ImageObject\",\"inLanguage\":\"it-IT\",\"@id\":\"https:\\\/\\\/secure.gravatar.com\\\/avatar\\\/ee736bde69729344a4f0a989a14ac33282698f82a57df2a1d9dea09c2bc8a62d?s=96&d=mm&r=g\",\"url\":\"https:\\\/\\\/secure.gravatar.com\\\/avatar\\\/ee736bde69729344a4f0a989a14ac33282698f82a57df2a1d9dea09c2bc8a62d?s=96&d=mm&r=g\",\"contentUrl\":\"https:\\\/\\\/secure.gravatar.com\\\/avatar\\\/ee736bde69729344a4f0a989a14ac33282698f82a57df2a1d9dea09c2bc8a62d?s=96&d=mm&r=g\",\"caption\":\"Filippo\"},\"description\":\"\u00c8 il pi\u00f9 stretto collaboratore del Dottor Gadget, tant'\u00e8 che viene spesso scambiato per il Grande Capo. Svolge il ruolo di blogger, critico, recensore, addetto alle fotocopie, talent scout dei gadget, segretario di se stesso, consigliere d\u2019amministrazione, consigliere spirituale e tanti altri ruoli che non sa ancora di avere. Nel tempo libero corre, anche se alla fine si ritrova sempre al punto di partenza.\"}]}<\/script>\n<!-- \/ Yoast SEO plugin. -->","yoast_head_json":{"title":"I Puffi neri","description":"Esistono i Puffi neri? Ebbene s\u00ec e sono nati proprio con la prima storia dei Puffi. Una storia che ha creato anche il mito dei Puffi viola.","robots":{"index":"index","follow":"follow","max-snippet":"max-snippet:-1","max-image-preview":"max-image-preview:large","max-video-preview":"max-video-preview:-1"},"canonical":"https:\/\/www.dottorgadget.it\/news\/i-puffi-neri\/","og_locale":"it_IT","og_type":"article","og_title":"I Puffi neri","og_description":"Esistono i Puffi neri? Ebbene s\u00ec e sono nati proprio con la prima storia dei Puffi. Una storia che ha creato anche il mito dei Puffi viola.","og_url":"https:\/\/www.dottorgadget.it\/news\/i-puffi-neri\/","og_site_name":"DottorGadget News","article_published_time":"2023-06-23T19:20:50+00:00","article_modified_time":"2023-06-24T14:01:59+00:00","og_image":[{"width":1200,"height":818,"url":"https:\/\/www.dottorgadget.it\/news\/wp-content\/uploads\/2023\/06\/puffi-neri.jpg","type":"image\/jpeg"}],"author":"Filippo","twitter_card":"summary_large_image","twitter_misc":{"Scritto da":"Filippo","Tempo di lettura stimato":"5 minuti"},"schema":{"@context":"https:\/\/schema.org","@graph":[{"@type":"Article","@id":"https:\/\/www.dottorgadget.it\/news\/i-puffi-neri\/#article","isPartOf":{"@id":"https:\/\/www.dottorgadget.it\/news\/i-puffi-neri\/"},"author":{"name":"Filippo","@id":"https:\/\/www.dottorgadget.it\/news\/#\/schema\/person\/303124d03e1dc2ba2213427fbd91c82d"},"headline":"I Puffi neri","datePublished":"2023-06-23T19:20:50+00:00","dateModified":"2023-06-24T14:01:59+00:00","mainEntityOfPage":{"@id":"https:\/\/www.dottorgadget.it\/news\/i-puffi-neri\/"},"wordCount":805,"commentCount":0,"image":{"@id":"https:\/\/www.dottorgadget.it\/news\/i-puffi-neri\/#primaryimage"},"thumbnailUrl":"https:\/\/www.dottorgadget.it\/news\/wp-content\/uploads\/2023\/06\/puffi-neri.jpg","articleSection":["Curiosit\u00e0"],"inLanguage":"it-IT","potentialAction":[{"@type":"CommentAction","name":"Comment","target":["https:\/\/www.dottorgadget.it\/news\/i-puffi-neri\/#respond"]}]},{"@type":"WebPage","@id":"https:\/\/www.dottorgadget.it\/news\/i-puffi-neri\/","url":"https:\/\/www.dottorgadget.it\/news\/i-puffi-neri\/","name":"I Puffi neri","isPartOf":{"@id":"https:\/\/www.dottorgadget.it\/news\/#website"},"primaryImageOfPage":{"@id":"https:\/\/www.dottorgadget.it\/news\/i-puffi-neri\/#primaryimage"},"image":{"@id":"https:\/\/www.dottorgadget.it\/news\/i-puffi-neri\/#primaryimage"},"thumbnailUrl":"https:\/\/www.dottorgadget.it\/news\/wp-content\/uploads\/2023\/06\/puffi-neri.jpg","datePublished":"2023-06-23T19:20:50+00:00","dateModified":"2023-06-24T14:01:59+00:00","author":{"@id":"https:\/\/www.dottorgadget.it\/news\/#\/schema\/person\/303124d03e1dc2ba2213427fbd91c82d"},"description":"Esistono i Puffi neri? Ebbene s\u00ec e sono nati proprio con la prima storia dei Puffi. Una storia che ha creato anche il mito dei Puffi viola.","breadcrumb":{"@id":"https:\/\/www.dottorgadget.it\/news\/i-puffi-neri\/#breadcrumb"},"inLanguage":"it-IT","potentialAction":[{"@type":"ReadAction","target":["https:\/\/www.dottorgadget.it\/news\/i-puffi-neri\/"]}]},{"@type":"ImageObject","inLanguage":"it-IT","@id":"https:\/\/www.dottorgadget.it\/news\/i-puffi-neri\/#primaryimage","url":"https:\/\/www.dottorgadget.it\/news\/wp-content\/uploads\/2023\/06\/puffi-neri.jpg","contentUrl":"https:\/\/www.dottorgadget.it\/news\/wp-content\/uploads\/2023\/06\/puffi-neri.jpg","width":1200,"height":818,"caption":"I Puffi neri"},{"@type":"BreadcrumbList","@id":"https:\/\/www.dottorgadget.it\/news\/i-puffi-neri\/#breadcrumb","itemListElement":[{"@type":"ListItem","position":1,"name":"Home","item":"https:\/\/www.dottorgadget.it\/news\/"},{"@type":"ListItem","position":2,"name":"I Puffi neri"}]},{"@type":"WebSite","@id":"https:\/\/www.dottorgadget.it\/news\/#website","url":"https:\/\/www.dottorgadget.it\/news\/","name":"DottorGadget News","description":"Gadget innovativi e idee regalo","potentialAction":[{"@type":"SearchAction","target":{"@type":"EntryPoint","urlTemplate":"https:\/\/www.dottorgadget.it\/news\/?s={search_term_string}"},"query-input":{"@type":"PropertyValueSpecification","valueRequired":true,"valueName":"search_term_string"}}],"inLanguage":"it-IT"},{"@type":"Person","@id":"https:\/\/www.dottorgadget.it\/news\/#\/schema\/person\/303124d03e1dc2ba2213427fbd91c82d","name":"Filippo","image":{"@type":"ImageObject","inLanguage":"it-IT","@id":"https:\/\/secure.gravatar.com\/avatar\/ee736bde69729344a4f0a989a14ac33282698f82a57df2a1d9dea09c2bc8a62d?s=96&d=mm&r=g","url":"https:\/\/secure.gravatar.com\/avatar\/ee736bde69729344a4f0a989a14ac33282698f82a57df2a1d9dea09c2bc8a62d?s=96&d=mm&r=g","contentUrl":"https:\/\/secure.gravatar.com\/avatar\/ee736bde69729344a4f0a989a14ac33282698f82a57df2a1d9dea09c2bc8a62d?s=96&d=mm&r=g","caption":"Filippo"},"description":"\u00c8 il pi\u00f9 stretto collaboratore del Dottor Gadget, tant'\u00e8 che viene spesso scambiato per il Grande Capo. Svolge il ruolo di blogger, critico, recensore, addetto alle fotocopie, talent scout dei gadget, segretario di se stesso, consigliere d\u2019amministrazione, consigliere spirituale e tanti altri ruoli che non sa ancora di avere. Nel tempo libero corre, anche se alla fine si ritrova sempre al punto di partenza."}]}},"_links":{"self":[{"href":"https:\/\/www.dottorgadget.it\/news\/wp-json\/wp\/v2\/posts\/10188","targetHints":{"allow":["GET"]}}],"collection":[{"href":"https:\/\/www.dottorgadget.it\/news\/wp-json\/wp\/v2\/posts"}],"about":[{"href":"https:\/\/www.dottorgadget.it\/news\/wp-json\/wp\/v2\/types\/post"}],"author":[{"embeddable":true,"href":"https:\/\/www.dottorgadget.it\/news\/wp-json\/wp\/v2\/users\/3"}],"replies":[{"embeddable":true,"href":"https:\/\/www.dottorgadget.it\/news\/wp-json\/wp\/v2\/comments?post=10188"}],"version-history":[{"count":1,"href":"https:\/\/www.dottorgadget.it\/news\/wp-json\/wp\/v2\/posts\/10188\/revisions"}],"predecessor-version":[{"id":10189,"href":"https:\/\/www.dottorgadget.it\/news\/wp-json\/wp\/v2\/posts\/10188\/revisions\/10189"}],"wp:featuredmedia":[{"embeddable":true,"href":"https:\/\/www.dottorgadget.it\/news\/wp-json\/wp\/v2\/media\/10191"}],"wp:attachment":[{"href":"https:\/\/www.dottorgadget.it\/news\/wp-json\/wp\/v2\/media?parent=10188"}],"wp:term":[{"taxonomy":"category","embeddable":true,"href":"https:\/\/www.dottorgadget.it\/news\/wp-json\/wp\/v2\/categories?post=10188"},{"taxonomy":"post_tag","embeddable":true,"href":"https:\/\/www.dottorgadget.it\/news\/wp-json\/wp\/v2\/tags?post=10188"}],"curies":[{"name":"wp","href":"https:\/\/api.w.org\/{rel}","templated":true}]}}